{"id":1867,"date":"2013-03-18T11:35:40","date_gmt":"2013-03-18T17:35:40","guid":{"rendered":"https:\/\/radiowebmx.com\/nota\/?p=1867"},"modified":"2013-03-18T11:35:40","modified_gmt":"2013-03-18T17:35:40","slug":"logra-gobierno-estatal-dos-contratos-de-refinanciamiento-de-la-deuda-publica","status":"publish","type":"post","link":"https:\/\/radiowebmx.com\/nota\/logra-gobierno-estatal-dos-contratos-de-refinanciamiento-de-la-deuda-publica\/","title":{"rendered":"LOGRA GOBIERNO ESTATAL DOS CONTRATOS DE REFINANCIAMIENTO DE LA DEUDA P\u00daBLICA"},"content":{"rendered":"<p>Tras un largo proceso de negociaci\u00f3n y b\u00fasqueda de condiciones crediticias m\u00e1s \u00f3ptimas a la realidad estatal, el gobierno de Michoac\u00e1n formaliz\u00f3 dos contratos de refinanciamiento en mejores t\u00e9rminos que los contratados en anteriores administraciones, lo que permitir\u00e1 en breve contar con mayor liquidez.<\/p>\n<p>Uno de ellos se trata del convenio con MULTIVA por 1 mil 340 millones de pesos y otro m\u00e1s con Interacciones por 1 mil 936 millones de pesos, mismos que fueron signados por el secretario de Gobierno, Jes\u00fas Reyna Garc\u00eda y el secretario de Finanzas y Administraci\u00f3n, Carlos R\u00edo Valencia.<\/p>\n<p>Ambos convenios se realizaron en estricto apego al Decreto autorizado por el Congreso del estado y en cumplimiento con los tiempos que el mismo decreto establece y que vencen el \u00faltimo d\u00eda del presente mes de marzo.<\/p>\n<p>Este primer avance se logra luego de diversas negociaciones con la banca en que los funcionarios de la Secretar\u00eda de Finanzas y Administraci\u00f3n estatal, buscaron siempre las mejores condiciones y tasas para poder liquidar los adeudos contra\u00eddos por el gobierno estatal antes del 15 de febrero de 2012.<\/p>\n<p>Es de resaltar que la firma de estos convenios no significa que de inmediato las arcas estatales tendr\u00e1n liquidez, puesto que implica un proceso de al menos tres semanas, tiempo en que los acuerdos se registrar\u00e1n ante la Secretar\u00eda de Hacienda y Cr\u00e9dito P\u00fablico federal y, los bancos aterrizar\u00e1n los recursos al gobierno estatal.<\/p>\n<p>El gobierno de Michoac\u00e1n contin\u00faa en negociaci\u00f3n y espera cerrar esta semana que inicia otros contratos que permitan alcanzar el monto total del refinanciamiento autorizado por el Congreso del estado.<\/p>\n","protected":false},"excerpt":{"rendered":"<p>Tras un largo proceso de negociaci\u00f3n y b\u00fasqueda de condiciones crediticias m\u00e1s \u00f3ptimas a la realidad estatal, el gobierno de Michoac\u00e1n formaliz\u00f3 dos contratos de refinanciamiento en mejores t\u00e9rminos que los contratados en anteriores administraciones, lo que permitir\u00e1 en breve contar con mayor liquidez.<\/p>\n","protected":false},"author":1,"featured_media":0,"comment_status":"open","ping_status":"open","sticky":false,"template":"","format":"standard","meta":{"footnotes":""},"categories":[3],"tags":[],"class_list":["post-1867","post","type-post","status-publish","format-standard","hentry","category-gobierno-del-estado-de-michoacan"],"_links":{"self":[{"href":"https:\/\/radiowebmx.com\/nota\/wp-json\/wp\/v2\/posts\/1867","targetHints":{"allow":["GET"]}}],"collection":[{"href":"https:\/\/radiowebmx.com\/nota\/wp-json\/wp\/v2\/posts"}],"about":[{"href":"https:\/\/radiowebmx.com\/nota\/wp-json\/wp\/v2\/types\/post"}],"author":[{"embeddable":true,"href":"https:\/\/radiowebmx.com\/nota\/wp-json\/wp\/v2\/users\/1"}],"replies":[{"embeddable":true,"href":"https:\/\/radiowebmx.com\/nota\/wp-json\/wp\/v2\/comments?post=1867"}],"version-history":[{"count":1,"href":"https:\/\/radiowebmx.com\/nota\/wp-json\/wp\/v2\/posts\/1867\/revisions"}],"predecessor-version":[{"id":1868,"href":"https:\/\/radiowebmx.com\/nota\/wp-json\/wp\/v2\/posts\/1867\/revisions\/1868"}],"wp:attachment":[{"href":"https:\/\/radiowebmx.com\/nota\/wp-json\/wp\/v2\/media?parent=1867"}],"wp:term":[{"taxonomy":"category","embeddable":true,"href":"https:\/\/radiowebmx.com\/nota\/wp-json\/wp\/v2\/categories?post=1867"},{"taxonomy":"post_tag","embeddable":true,"href":"https:\/\/radiowebmx.com\/nota\/wp-json\/wp\/v2\/tags?post=1867"}],"curies":[{"name":"wp","href":"https:\/\/api.w.org\/{rel}","templated":true}]}}