{"id":18668,"date":"2015-10-13T13:34:27","date_gmt":"2015-10-13T18:34:27","guid":{"rendered":"https:\/\/radiowebmx.com\/nota\/?p=18668"},"modified":"2015-10-13T13:34:27","modified_gmt":"2015-10-13T18:34:27","slug":"el-70-por-ciento-de-los-planteles-educativos-en-michoacan-laboraron-con-normalidad-see","status":"publish","type":"post","link":"https:\/\/radiowebmx.com\/nota\/el-70-por-ciento-de-los-planteles-educativos-en-michoacan-laboraron-con-normalidad-see\/","title":{"rendered":"El 70 por ciento de los planteles educativos en Michoac\u00e1n laboraron con  normalidad: SEE"},"content":{"rendered":"<p>La Secretar\u00eda de Educaci\u00f3n en el Estado, a trav\u00e9s de su titular, Silvia Figueroa Zamudio, convoc\u00f3 a los involucrados en el sector educativo a cumplir el compromiso de privilegiar el derecho de los ni\u00f1os y las ni\u00f1as a recibir educaci\u00f3n, adem\u00e1s de reiterar la dispoci\u00f3n al di\u00e1logo con el magisterio michoacano.<\/p>\n<p>Asimismo, reconoci\u00f3 a los maestros que \u00e9ste 12 de octubre cumplieron con su deber de permanecer en las aulas, toda vez que el reporte oficial de asistencia fue del 70 por ciento en los centros educativos que trabajaron de forma regular en el estado, con lo que se favorece el derecho de los ni\u00f1os a recibir educaci\u00f3n.<\/p>\n<p>En este sentido, exhort\u00f3 a los trabajadores de la educaci\u00f3n a unir esfuerzos que permitan la mejora del proceso educativo, privilegiando el inter\u00e9s de los ni\u00f1os, cuya acci\u00f3n contribuya con la tarea de fortalecer la calidad educativa.<\/p>\n<p>La responsable de la pol\u00edtica educativa en el estado reiter\u00f3 tambi\u00e9n la voluntad de mantener apertura al di\u00e1logo con el magisterio, y por la v\u00eda pac\u00edfica lograr soluciones eficaces.<\/p>\n<p>De igual forma,\u00a0Figueroa Zamudio destac\u00f3 el talento de los docentes de la entidad y asegur\u00f3 que trabajar de manera conjunta permitir\u00e1 modificar los indicadores que colocan a Michoac\u00e1n entre las \u00faltimas posiciones en materia educativa; por lo que los conmin\u00f3 a sumar acciones que coadyuven para mejorar la educaci\u00f3n en la entidad.<\/p>\n<p>Por ello, los invit\u00f3 a emprender actividades que deriven en la mejora del sistema educativo al manifestar que \u201cMichoac\u00e1n\u00a0 merece que entre todos lo saquemos adelante; los michoacanos somos muy capaces, trabajadores y responsables, pero tenemos que demostrarlo tanto en nuestro lugar de trabajo, como al responder a la confianza\u00a0que nos brindan los padres de familia y el Gobernador de Michoac\u00e1n, Silvano Aureoles Conejo\u201d.<\/p>\n<p>Reiter\u00f3 su exhorto a todos los trabajadores \u201ca que cada uno, en la medida de nuestras posibilidades y desde el lugar donde nos toca colaborar, hagamos lo mejor y pongamos nuestro mayor empe\u00f1o por elevar la calidad educativa, para que este nuevo comienzo sea de compromiso y trabajo, donde la transparencia, la equidad y el compa\u00f1erismo sea lo que nos rija\u201d, apunt\u00f3.<\/p>\n","protected":false},"excerpt":{"rendered":"<p>La Secretar\u00eda de Educaci\u00f3n en el Estado, a trav\u00e9s de su titular, Silvia Figueroa Zamudio, convoc\u00f3 a los involucrados en el sector educativo a cumplir el compromiso de privilegiar el derecho de los ni\u00f1os y las ni\u00f1as a recibir educaci\u00f3n, adem\u00e1s de reiterar la dispoci\u00f3n al di\u00e1logo con el magisterio michoacano.<\/p>\n","protected":false},"author":1,"featured_media":18669,"comment_status":"open","ping_status":"open","sticky":false,"template":"","format":"standard","meta":{"footnotes":""},"categories":[14,3],"tags":[],"class_list":["post-18668","post","type-post","status-publish","format-standard","has-post-thumbnail","hentry","category-destacadas","category-gobierno-del-estado-de-michoacan"],"_links":{"self":[{"href":"https:\/\/radiowebmx.com\/nota\/wp-json\/wp\/v2\/posts\/18668","targetHints":{"allow":["GET"]}}],"collection":[{"href":"https:\/\/radiowebmx.com\/nota\/wp-json\/wp\/v2\/posts"}],"about":[{"href":"https:\/\/radiowebmx.com\/nota\/wp-json\/wp\/v2\/types\/post"}],"author":[{"embeddable":true,"href":"https:\/\/radiowebmx.com\/nota\/wp-json\/wp\/v2\/users\/1"}],"replies":[{"embeddable":true,"href":"https:\/\/radiowebmx.com\/nota\/wp-json\/wp\/v2\/comments?post=18668"}],"version-history":[{"count":2,"href":"https:\/\/radiowebmx.com\/nota\/wp-json\/wp\/v2\/posts\/18668\/revisions"}],"predecessor-version":[{"id":18671,"href":"https:\/\/radiowebmx.com\/nota\/wp-json\/wp\/v2\/posts\/18668\/revisions\/18671"}],"wp:featuredmedia":[{"embeddable":true,"href":"https:\/\/radiowebmx.com\/nota\/wp-json\/wp\/v2\/media\/18669"}],"wp:attachment":[{"href":"https:\/\/radiowebmx.com\/nota\/wp-json\/wp\/v2\/media?parent=18668"}],"wp:term":[{"taxonomy":"category","embeddable":true,"href":"https:\/\/radiowebmx.com\/nota\/wp-json\/wp\/v2\/categories?post=18668"},{"taxonomy":"post_tag","embeddable":true,"href":"https:\/\/radiowebmx.com\/nota\/wp-json\/wp\/v2\/tags?post=18668"}],"curies":[{"name":"wp","href":"https:\/\/api.w.org\/{rel}","templated":true}]}}