{"id":18665,"date":"2015-10-13T13:31:02","date_gmt":"2015-10-13T18:31:02","guid":{"rendered":"https:\/\/radiowebmx.com\/nota\/?p=18665"},"modified":"2015-10-13T13:31:02","modified_gmt":"2015-10-13T18:31:02","slug":"garantiza-el-secretario-de-gobierno-pago-de-nomina-a-los-trabajadores-de-la-educacion","status":"publish","type":"post","link":"https:\/\/radiowebmx.com\/nota\/garantiza-el-secretario-de-gobierno-pago-de-nomina-a-los-trabajadores-de-la-educacion\/","title":{"rendered":"Garantiza el secretario de Gobierno pago de n\u00f3mina a los trabajadores de la educaci\u00f3n"},"content":{"rendered":"<p>Se encuentran garantizados\u00a0los pagos a trabajadores de la educaci\u00f3n correspondientes a la primera quincena de octubre, afirm\u00f3 el secretario de Gobierno, Adri\u00e1n L\u00f3pez Sol\u00eds, quien manifest\u00f3 que ya se realizan las gestiones ante el Gobierno Federal a fin de cumplir los pendientes con el sector educativo de Michoac\u00e1n.<\/p>\n<p>En el marco de la pol\u00edtica del di\u00e1logo y consenso, el encargado de la pol\u00edtica interna atendi\u00f3 a los representantes y dirigentes de la Secci\u00f3n XVIII de la Coordinadora Nacional de Trabajadores de la Educaci\u00f3n (CNTE).<\/p>\n<p>Al continuar\u00a0 los acercamientos con diversas organizaciones de la sociedad civil y gremios de la entidad, el secretario de Gobierno se comprometi\u00f3 a que los trabajadores de la educaci\u00f3n reciban en tiempo y forma los pagos correspondientes a la primera quincena del presente mes.<\/p>\n<p>Reunidos en las oficinas de la Secretar\u00eda de Gobierno, y con la presencia del secretario general de la Secci\u00f3n XVIII, Juan Jos\u00e9 Ortega Madrigal, el encargado de la pol\u00edtica interna manifest\u00f3 la voluntad del Gobierno del Estado por encontrar el camino de la concertaci\u00f3n y construir consensos en el sector educativo para cumplir con los pendientes que se tienen con el magisterio michoacano.<\/p>\n<p>L\u00f3pez Sol\u00eds afirm\u00f3 que se contin\u00faan realizando las gestiones ante la Federaci\u00f3n por parte de la administraci\u00f3n del Gobernador Silvano Aureoles Conejo, a fin de cumplir con las responsabilidades financieras y contar con los recursos necesarios para cubrir la n\u00f3mina de los trabajadores de la educaci\u00f3n.<\/p>\n<p>Finalmente, el secretario de Gobierno afirm\u00f3 que continuar\u00e1n las reuniones con los agremiados de la CNTE con el objetivo de, en el marco del respeto, privilegiar el di\u00e1logo y consenso con la organizaci\u00f3n magisterial.<\/p>\n","protected":false},"excerpt":{"rendered":"<p>Se encuentran garantizados los pagos a trabajadores de la educaci\u00f3n correspondientes a la primera quincena de octubre, afirm\u00f3 el secretario de Gobierno, Adri\u00e1n L\u00f3pez Sol\u00eds, quien manifest\u00f3 que ya se realizan las gestiones ante el Gobierno Federal a fin de cumplir los pendientes con el sector educativo de Michoac\u00e1n.<\/p>\n","protected":false},"author":1,"featured_media":18666,"comment_status":"open","ping_status":"open","sticky":false,"template":"","format":"standard","meta":{"footnotes":""},"categories":[14,3],"tags":[],"class_list":["post-18665","post","type-post","status-publish","format-standard","has-post-thumbnail","hentry","category-destacadas","category-gobierno-del-estado-de-michoacan"],"_links":{"self":[{"href":"https:\/\/radiowebmx.com\/nota\/wp-json\/wp\/v2\/posts\/18665","targetHints":{"allow":["GET"]}}],"collection":[{"href":"https:\/\/radiowebmx.com\/nota\/wp-json\/wp\/v2\/posts"}],"about":[{"href":"https:\/\/radiowebmx.com\/nota\/wp-json\/wp\/v2\/types\/post"}],"author":[{"embeddable":true,"href":"https:\/\/radiowebmx.com\/nota\/wp-json\/wp\/v2\/users\/1"}],"replies":[{"embeddable":true,"href":"https:\/\/radiowebmx.com\/nota\/wp-json\/wp\/v2\/comments?post=18665"}],"version-history":[{"count":1,"href":"https:\/\/radiowebmx.com\/nota\/wp-json\/wp\/v2\/posts\/18665\/revisions"}],"predecessor-version":[{"id":18667,"href":"https:\/\/radiowebmx.com\/nota\/wp-json\/wp\/v2\/posts\/18665\/revisions\/18667"}],"wp:featuredmedia":[{"embeddable":true,"href":"https:\/\/radiowebmx.com\/nota\/wp-json\/wp\/v2\/media\/18666"}],"wp:attachment":[{"href":"https:\/\/radiowebmx.com\/nota\/wp-json\/wp\/v2\/media?parent=18665"}],"wp:term":[{"taxonomy":"category","embeddable":true,"href":"https:\/\/radiowebmx.com\/nota\/wp-json\/wp\/v2\/categories?post=18665"},{"taxonomy":"post_tag","embeddable":true,"href":"https:\/\/radiowebmx.com\/nota\/wp-json\/wp\/v2\/tags?post=18665"}],"curies":[{"name":"wp","href":"https:\/\/api.w.org\/{rel}","templated":true}]}}