{"id":18627,"date":"2015-10-12T13:18:26","date_gmt":"2015-10-12T18:18:26","guid":{"rendered":"https:\/\/radiowebmx.com\/nota\/?p=18627"},"modified":"2015-10-12T13:18:26","modified_gmt":"2015-10-12T18:18:26","slug":"detiene-pgje-a-tres-presuntos-integrantes-de-grupo-relacionado-en-secuestro-de-ganadero","status":"publish","type":"post","link":"https:\/\/radiowebmx.com\/nota\/detiene-pgje-a-tres-presuntos-integrantes-de-grupo-relacionado-en-secuestro-de-ganadero\/","title":{"rendered":"Detiene PGJE a tres presuntos integrantes de grupo relacionado en secuestro de ganadero"},"content":{"rendered":"<p><strong>\u00a0<\/strong>En acci\u00f3n operativa realizada por personal de la Procuradur\u00eda General de Justicia del Estado de Michoac\u00e1n, se logr\u00f3 la detenci\u00f3n de tres presuntos integrantes de un grupo relacionado en el secuestro de un ganadero.<\/p>\n<p>De acuerdo a elementos que integran la Averiguaci\u00f3n, los inculpados identificados como Eduardo F., V\u00edctor Manuel L., y Eloi O., en complicidad de tres personas m\u00e1s, en junio del presente a\u00f1o arribaron a un establecimiento comercial ubicado en la tenencia de La Mira, perteneciente a este municipio, donde interceptaron a la v\u00edctima de ocupaci\u00f3n ganadero.<\/p>\n<p>Al continuar con la indagatoria, se logr\u00f3 establecer que los indiciados trasladaron a la v\u00edctima hasta una casa de seguridad donde la mantuvieron en cautiverio por seis d\u00edas y durante ese lapso, \u00a0los ahora detenidos se comunicaron en diversas ocasiones con los familiares de la v\u00edctima para solicitarles una importante cantidad de dinero a cambio de liberarlo.<\/p>\n<p>Una vez que se realiz\u00f3 un pago, el agraviado fue puesto en libertad, no sin antes advertirle que atentar\u00edan contra su vida si denunciaba.<\/p>\n<p>Los hechos fueron denunciados el pasado 31 de agosto ante la Procuradur\u00eda General de Justicia del Estado de Michoac\u00e1n, por lo que de manera inmediata la Unidad Especializada para el Combate al Secuestro inici\u00f3 la Averiguaci\u00f3n Previa.<\/p>\n<p>Derivado de lo anterior, personal de la Unidad Especializada en el Combate al Secuestro, en coordinaci\u00f3n con elementos de la Fiscal\u00eda Regional y de la Secretar\u00eda de Seguridad P\u00fablica, llevaron a cabo una acci\u00f3n operativa y se\u00a0 logr\u00f3 requerir a los imputados cuando se encontraban en la plaza principal de la comunidad de Chucutit\u00e1n, perteneciente a este mismo municipio; en el lugar les fueron asegurados tres fusiles tipo FN-FAL y uno m\u00e1s calibre\u00a0 7.62 (AK 47)<\/p>\n<p>Personal de la Procuradur\u00eda General de Justicia contin\u00faa con las investigaciones, ya que existen indicios de que los ahora detenidos se encuentran relacionados en otros hechos delictivos ocurridos en la regi\u00f3n de L\u00e1zaro C\u00e1rdenas.<\/p>\n<p>Durante las pr\u00f3ximas horas, el agente del Ministerio P\u00fablico ejercer\u00e1 acci\u00f3n penal en contra de Eduardo F., V\u00edctor Manuel L., y Eloi O. por su probable responsabilidad en el delito de Secuestro y se dar\u00e1 vista a la Procuradur\u00eda General de la Rep\u00fablica, por lo que corresponde a la violaci\u00f3n a la Ley Federal de Armas de Fuego.<\/p>\n<p>De esta manera, la Procuradur\u00eda General de Justicia del Estado de Michoac\u00e1n, reitera su compromiso de mantener los trabajos que generen condiciones de seguridad para las y los michoacanos y cierren paso a la impunidad.<\/p>\n","protected":false},"excerpt":{"rendered":"<p> En acci\u00f3n operativa realizada por personal de la Procuradur\u00eda General de Justicia del Estado de Michoac\u00e1n, se logr\u00f3 la detenci\u00f3n de tres presuntos integrantes de un grupo relacionado en el secuestro de un ganadero.<\/p>\n","protected":false},"author":1,"featured_media":0,"comment_status":"open","ping_status":"open","sticky":false,"template":"","format":"standard","meta":{"footnotes":""},"categories":[9],"tags":[],"class_list":["post-18627","post","type-post","status-publish","format-standard","hentry","category-morelia"],"_links":{"self":[{"href":"https:\/\/radiowebmx.com\/nota\/wp-json\/wp\/v2\/posts\/18627","targetHints":{"allow":["GET"]}}],"collection":[{"href":"https:\/\/radiowebmx.com\/nota\/wp-json\/wp\/v2\/posts"}],"about":[{"href":"https:\/\/radiowebmx.com\/nota\/wp-json\/wp\/v2\/types\/post"}],"author":[{"embeddable":true,"href":"https:\/\/radiowebmx.com\/nota\/wp-json\/wp\/v2\/users\/1"}],"replies":[{"embeddable":true,"href":"https:\/\/radiowebmx.com\/nota\/wp-json\/wp\/v2\/comments?post=18627"}],"version-history":[{"count":1,"href":"https:\/\/radiowebmx.com\/nota\/wp-json\/wp\/v2\/posts\/18627\/revisions"}],"predecessor-version":[{"id":18628,"href":"https:\/\/radiowebmx.com\/nota\/wp-json\/wp\/v2\/posts\/18627\/revisions\/18628"}],"wp:attachment":[{"href":"https:\/\/radiowebmx.com\/nota\/wp-json\/wp\/v2\/media?parent=18627"}],"wp:term":[{"taxonomy":"category","embeddable":true,"href":"https:\/\/radiowebmx.com\/nota\/wp-json\/wp\/v2\/categories?post=18627"},{"taxonomy":"post_tag","embeddable":true,"href":"https:\/\/radiowebmx.com\/nota\/wp-json\/wp\/v2\/tags?post=18627"}],"curies":[{"name":"wp","href":"https:\/\/api.w.org\/{rel}","templated":true}]}}