{"id":1858,"date":"2013-03-18T11:24:15","date_gmt":"2013-03-18T17:24:15","guid":{"rendered":"https:\/\/radiowebmx.com\/nota\/?p=1858"},"modified":"2013-03-18T11:24:15","modified_gmt":"2013-03-18T17:24:15","slug":"inauguran-diputados-seminario-internacional-con-motivo-del-bicentenario-del-congreso-de-anahuac","status":"publish","type":"post","link":"https:\/\/radiowebmx.com\/nota\/inauguran-diputados-seminario-internacional-con-motivo-del-bicentenario-del-congreso-de-anahuac\/","title":{"rendered":"Inauguran diputados Seminario Internacional con motivo del Bicentenario del Congreso de An\u00e1huac"},"content":{"rendered":"<p><a href=\"https:\/\/radiowebmx.com\/nota\/wp-content\/uploads\/2013\/03\/IMG_1506.jpg\"><img loading=\"lazy\" decoding=\"async\" class=\"alignnone size-full wp-image-1859\" title=\"IMG_1506\" src=\"https:\/\/radiowebmx.com\/nota\/wp-content\/uploads\/2013\/03\/IMG_1506.jpg\" alt=\"\" width=\"591\" height=\"265\" \/><\/a>La comisi\u00f3n especial para atender los festejos del Bicentenario de la Expedici\u00f3n y Sanci\u00f3n del Decreto Constitucional para la Libertad de la Am\u00e9rica Mexicana, as\u00ed como del Bicentenario de los Sentimientos de la Naci\u00f3n del Congreso Local, inaugur\u00f3\u00a0 el \u201cIX Seminario Internacional: Juntas, Asambleas y Congresos Constituyentes en la Independencia de Hispanoam\u00e9rica\u201d.<\/p>\n<p>Ello, con motivo de la conmemoraci\u00f3n del Bicentenario del Supremo Congreso Nacional de Am\u00e9rica, mejor conocido como \u201cCongreso de An\u00e1huac\u201d, instalado en Chilpancingo el 14 de septiembre de 1813 por iniciativa del c\u00e9lebre insurgente Jos\u00e9 Mar\u00eda Morelos y Pav\u00f3n.<\/p>\n<p>Este seminario donde se abordaron nuevas investigaciones sobre los primeros Congresos de M\u00e9xico, Chile, Colombia, Per\u00fa y Venezuela, coadyuvar\u00e1 para fomentar en los ciudadanos una conciencia nacional de la realidad, adem\u00e1s permitir\u00e1 \u201cacercarnos al pensamiento de los actores pol\u00edticos que fueron forjando las instituciones de tales naciones\u201d, as\u00ed lo destacaron los diputados integrantes de dicha comisi\u00f3n, C\u00e9sar Ch\u00e1vez Garibay Adriana Gabriela Ceballos Hern\u00e1ndez.<\/p>\n<p>Por su parte, el representante del cuerpo acad\u00e9mico Tecnolog\u00eda e Historia Militar de M\u00e9xico de la DES de Humanidades, Mois\u00e9s Guzm\u00e1n P\u00e9rez, dijo que este seminario es un espacio de representaci\u00f3n y discusi\u00f3n de las m\u00e1s recientes producciones historiogr\u00e1ficas, que contribuyen a actualizar y fortalecer al mismo\u00a0 tiempo la formaci\u00f3n profesional de los que practican esta disciplina.<\/p>\n<p>Esta forma de trabajar a\u00f1adi\u00f3, ha permitido profundizar en las nuevas tendencias, enfoques y problemas de investigaci\u00f3n planteados por diversos especialistas sobre este periodo crucial de nuestra historia mexicana e hispanoamericana.<\/p>\n<p>Aunado, destac\u00f3 que la conmemoraci\u00f3n del Bicentenario del Congreso de An\u00e1huac es una buena ocasi\u00f3n para que los historiadores, juristas y polit\u00f3logos reflexionen no s\u00f3lo acerca de la trascendencia de dicho congreso en el proceso de emancipaci\u00f3n de Nueva Espa\u00f1a, sino tambi\u00e9n para compararlo con otras instituciones de car\u00e1cter representativo, nacional o provincial, que experimentaron historias similares y que de diversa manera repercutieron en los futuros reg\u00edmenes democr\u00e1ticos y republicanos que se crearon en Hispanoam\u00e9rica durante el siglo XIX.<\/p>\n<p>Particularmente, el seminario se abord\u00f3 a trav\u00e9s de tres temas centrales: Las antiguas juntas provisionales y gubernativas en Espa\u00f1a y Am\u00e9rica transform\u00e1ndose en congresos soberanos, la renovada visi\u00f3n sobre la vida y quehacer de los vocales, diputados y representantes que conformaron los cuerpos legislativos y pr\u00e1cticas simb\u00f3licas y experiencias legislativas de los actores pol\u00edticos de la \u00e9poca en sus respectivos cuerpos representativos.<\/p>\n<p>En el evento participaron tambi\u00e9n el director del Instituto de Investigaciones y Estudios Legislativos (IIEL), Carlos Vital Punzo y la delegada del INAH en Michoac\u00e1n, Lizbeth Aguilera Garibay.<\/p>\n","protected":false},"excerpt":{"rendered":"<p>La comisi\u00f3n especial para atender los festejos del Bicentenario de la Expedici\u00f3n y Sanci\u00f3n del Decreto Constitucional para la Libertad de la Am\u00e9rica Mexicana, as\u00ed como del Bicentenario de los Sentimientos de la Naci\u00f3n del Congreso Local, inaugur\u00f3  el \u201cIX Seminario Internacional: Juntas, Asambleas y Congresos Constituyentes en la Independencia de Hispanoam\u00e9rica\u201d.<\/p>\n","protected":false},"author":1,"featured_media":0,"comment_status":"open","ping_status":"open","sticky":false,"template":"","format":"standard","meta":{"footnotes":""},"categories":[6,14],"tags":[],"class_list":["post-1858","post","type-post","status-publish","format-standard","hentry","category-congreso-del-estado","category-destacadas"],"_links":{"self":[{"href":"https:\/\/radiowebmx.com\/nota\/wp-json\/wp\/v2\/posts\/1858","targetHints":{"allow":["GET"]}}],"collection":[{"href":"https:\/\/radiowebmx.com\/nota\/wp-json\/wp\/v2\/posts"}],"about":[{"href":"https:\/\/radiowebmx.com\/nota\/wp-json\/wp\/v2\/types\/post"}],"author":[{"embeddable":true,"href":"https:\/\/radiowebmx.com\/nota\/wp-json\/wp\/v2\/users\/1"}],"replies":[{"embeddable":true,"href":"https:\/\/radiowebmx.com\/nota\/wp-json\/wp\/v2\/comments?post=1858"}],"version-history":[{"count":1,"href":"https:\/\/radiowebmx.com\/nota\/wp-json\/wp\/v2\/posts\/1858\/revisions"}],"predecessor-version":[{"id":1860,"href":"https:\/\/radiowebmx.com\/nota\/wp-json\/wp\/v2\/posts\/1858\/revisions\/1860"}],"wp:attachment":[{"href":"https:\/\/radiowebmx.com\/nota\/wp-json\/wp\/v2\/media?parent=1858"}],"wp:term":[{"taxonomy":"category","embeddable":true,"href":"https:\/\/radiowebmx.com\/nota\/wp-json\/wp\/v2\/categories?post=1858"},{"taxonomy":"post_tag","embeddable":true,"href":"https:\/\/radiowebmx.com\/nota\/wp-json\/wp\/v2\/tags?post=1858"}],"curies":[{"name":"wp","href":"https:\/\/api.w.org\/{rel}","templated":true}]}}