{"id":18555,"date":"2015-10-07T12:33:04","date_gmt":"2015-10-07T17:33:04","guid":{"rendered":"https:\/\/radiowebmx.com\/nota\/?p=18555"},"modified":"2015-10-07T12:33:04","modified_gmt":"2015-10-07T17:33:04","slug":"salvador-vega-analiza-con-expertos-de-reino-unido-estrategias-contra-el-cambio-climatico","status":"publish","type":"post","link":"https:\/\/radiowebmx.com\/nota\/salvador-vega-analiza-con-expertos-de-reino-unido-estrategias-contra-el-cambio-climatico\/","title":{"rendered":"SALVADOR VEGA ANALIZA CON EXPERTOS DE REINO UNIDO ESTRATEGIAS CONTRA EL CAMBIO CLIM\u00c1TICO"},"content":{"rendered":"<p><span style=\"font-family: Arial, sans-serif;\">La Reforma Energ\u00e9tica se encuentra en transici\u00f3n y lleg\u00f3 el momento de tomar medidas trascendentales para afrontar el cambio clim\u00e1tico en el pa\u00eds, motivo por el cual se debe tener cuidado con el entorno y las materias primas que se utilizan para no perjudicar el medio ambiente, as\u00ed lo afirm\u00f3 el senador de la Rep\u00fablica, Salvador Vega Casillas, durante un encuentro con parlamentarios del Reino Unido con la Comisi\u00f3n Especial de Cambio Clim\u00e1tico.<\/span><\/p>\n<div><span style=\"font-family: Arial, sans-serif;\">\u00a0<\/span><\/div>\n<div><span style=\"font-family: Arial, sans-serif;\">Ante los expertos del Reino Unido que apoyan a M\u00e9xico para la modernizaci\u00f3n de leyes en materia energ\u00e9tica y de cambio clim\u00e1tico, el panista afirm\u00f3 que en el pa\u00eds, se tiende a elaborar leyes para tener condiciones optimistas, sin embargo, cuando son aprobadas y el entorno en el que esperaban aplicarlas cambia, deben transformarse para que puedan responder a todas las circunstancias.<\/span><\/div>\n<div><\/div>\n<div>\u201cTodos estos cambios que se han hecho en las leyes, mejorar\u00e1n no solamente la econom\u00eda, tambi\u00e9n beneficiar\u00e1n el medio ambiente; queremos el crecimiento y los empleos, queremos un aire limpio, tierras limpias, y queremos una mejor situaci\u00f3n para contribuir en las acciones contra el cambio clim\u00e1tico\u201d.<\/div>\n<div><\/div>\n<div>Por \u00faltimo, el senador de la Republica Salvador Vega Casillas, agradeci\u00f3 la visita de los parlamentarios del Reino Unido y la participaci\u00f3n que han mantenido para que M\u00e9xico vaya a la vanguardia en materia energ\u00e9tica y de cambio clim\u00e1tico, lo que asegur\u00f3 generar\u00e1 crecimiento y desarrollo del pa\u00eds.<\/div>\n","protected":false},"excerpt":{"rendered":"<p>La Reforma Energ\u00e9tica se encuentra en transici\u00f3n y lleg\u00f3 el momento de tomar medidas trascendentales para afrontar el cambio clim\u00e1tico en el pa\u00eds, motivo por el cual se debe tener cuidado con el entorno y las materias primas que se utilizan para no perjudicar el medio ambiente, <\/p>\n","protected":false},"author":1,"featured_media":18556,"comment_status":"open","ping_status":"open","sticky":false,"template":"","format":"standard","meta":{"footnotes":""},"categories":[6,14,8],"tags":[],"class_list":["post-18555","post","type-post","status-publish","format-standard","has-post-thumbnail","hentry","category-congreso-del-estado","category-destacadas","category-grupo-parlamentario-del-pan"],"_links":{"self":[{"href":"https:\/\/radiowebmx.com\/nota\/wp-json\/wp\/v2\/posts\/18555","targetHints":{"allow":["GET"]}}],"collection":[{"href":"https:\/\/radiowebmx.com\/nota\/wp-json\/wp\/v2\/posts"}],"about":[{"href":"https:\/\/radiowebmx.com\/nota\/wp-json\/wp\/v2\/types\/post"}],"author":[{"embeddable":true,"href":"https:\/\/radiowebmx.com\/nota\/wp-json\/wp\/v2\/users\/1"}],"replies":[{"embeddable":true,"href":"https:\/\/radiowebmx.com\/nota\/wp-json\/wp\/v2\/comments?post=18555"}],"version-history":[{"count":2,"href":"https:\/\/radiowebmx.com\/nota\/wp-json\/wp\/v2\/posts\/18555\/revisions"}],"predecessor-version":[{"id":18558,"href":"https:\/\/radiowebmx.com\/nota\/wp-json\/wp\/v2\/posts\/18555\/revisions\/18558"}],"wp:featuredmedia":[{"embeddable":true,"href":"https:\/\/radiowebmx.com\/nota\/wp-json\/wp\/v2\/media\/18556"}],"wp:attachment":[{"href":"https:\/\/radiowebmx.com\/nota\/wp-json\/wp\/v2\/media?parent=18555"}],"wp:term":[{"taxonomy":"category","embeddable":true,"href":"https:\/\/radiowebmx.com\/nota\/wp-json\/wp\/v2\/categories?post=18555"},{"taxonomy":"post_tag","embeddable":true,"href":"https:\/\/radiowebmx.com\/nota\/wp-json\/wp\/v2\/tags?post=18555"}],"curies":[{"name":"wp","href":"https:\/\/api.w.org\/{rel}","templated":true}]}}