{"id":18540,"date":"2015-10-07T11:48:13","date_gmt":"2015-10-07T16:48:13","guid":{"rendered":"https:\/\/radiowebmx.com\/nota\/?p=18540"},"modified":"2015-10-07T11:48:13","modified_gmt":"2015-10-07T16:48:13","slug":"la-comision-estatal-del-agua-se-coordinara-con-la-conagua-para-inicio-de-la-construccion-de-la-presa-del-chihuero","status":"publish","type":"post","link":"https:\/\/radiowebmx.com\/nota\/la-comision-estatal-del-agua-se-coordinara-con-la-conagua-para-inicio-de-la-construccion-de-la-presa-del-chihuero\/","title":{"rendered":"La Comisi\u00f3n Estatal del Agua se coordinar\u00e1 con la Conagua para inicio de la construcci\u00f3n de la Presa del Chihuero"},"content":{"rendered":"<p>La instrucci\u00f3n del Gobernador de Michoac\u00e1n, Silvano Aureoles Conejo, es resolver los retrasos pendientes que tiene la Comisi\u00f3n Estatal del Agua y Gesti\u00f3n de Cuencas (CEAC), para iniciar con fuerza los trabajos para el 2016, en donde la gesti\u00f3n de recursos es uno de los factores principales para poder avanzar, destac\u00f3 el Coordinador General de la Comisi\u00f3n, Germ\u00e1n Tena Fern\u00e1ndez.<\/p>\n<p>En el marco de la reuni\u00f3n de acercamiento que sostuvo con el Director en el Estado de la Comisi\u00f3n Nacional de Agua, Oswaldo Rodr\u00edguez Guti\u00e9rrez, as\u00ed como directores de CONAGUA y subdirectores de CEAC, Tena Fern\u00e1ndez precis\u00f3 que el Gobernador del Estado lo instruy\u00f3 para revisar de manera conjunta con la delegaci\u00f3n federal los temas que son prioritarios para el estado, como es el inicio de la Construcci\u00f3n de la Presa del Chihuero, en la regi\u00f3n de Huetamo.<\/p>\n<p>En dicha reuni\u00f3n de trabajo tanto autoridades estatales como federales reconocieron como una de las mayores dificultades, la situaci\u00f3n financiera por la que atraviesa el estado, la cual ha generado una problem\u00e1tica de ejecuci\u00f3n de obra y dificultades de operaci\u00f3n, por lo que\u00a0 se dieron a la tarea de revisar caso por caso para posteriormente de\u00a0 manera coordinada tomar las decisiones pertinentes dentro de sus facultades.<\/p>\n<p>German Tena mencion\u00f3 las dificultades financieras por las que atraviesa la entidad han frenado algunos programas h\u00eddricos importantes en el estado con la Comisi\u00f3n Nacional del Agua, por lo que atender y sacar adelante las obras con la federaci\u00f3n ser\u00e1 nuestra labor\u201d.<\/p>\n<p>Por su parte el Director Local de Michoac\u00e1n, agradeci\u00f3 la disposici\u00f3n por parte de la Comisi\u00f3n Estatal del Agua, dado que la coordinaci\u00f3n y el trabajo conjunto ser\u00e1n las herramientas para resolver y atender los temas h\u00eddricos, que son necesarios para beneficio del Estado.<\/p>\n","protected":false},"excerpt":{"rendered":"<p>La instrucci\u00f3n del Gobernador de Michoac\u00e1n, SAC, es resolver los retrasos pendientes que tiene la CEAC, para iniciar con fuerza los trabajos para el 2016, en donde la gesti\u00f3n de recursos es uno de los factores principales para poder avanzar, destac\u00f3 el Coordinador General de la Comisi\u00f3n, <\/p>\n","protected":false},"author":1,"featured_media":18541,"comment_status":"open","ping_status":"open","sticky":false,"template":"","format":"standard","meta":{"footnotes":""},"categories":[14,3],"tags":[],"class_list":["post-18540","post","type-post","status-publish","format-standard","has-post-thumbnail","hentry","category-destacadas","category-gobierno-del-estado-de-michoacan"],"_links":{"self":[{"href":"https:\/\/radiowebmx.com\/nota\/wp-json\/wp\/v2\/posts\/18540","targetHints":{"allow":["GET"]}}],"collection":[{"href":"https:\/\/radiowebmx.com\/nota\/wp-json\/wp\/v2\/posts"}],"about":[{"href":"https:\/\/radiowebmx.com\/nota\/wp-json\/wp\/v2\/types\/post"}],"author":[{"embeddable":true,"href":"https:\/\/radiowebmx.com\/nota\/wp-json\/wp\/v2\/users\/1"}],"replies":[{"embeddable":true,"href":"https:\/\/radiowebmx.com\/nota\/wp-json\/wp\/v2\/comments?post=18540"}],"version-history":[{"count":1,"href":"https:\/\/radiowebmx.com\/nota\/wp-json\/wp\/v2\/posts\/18540\/revisions"}],"predecessor-version":[{"id":18542,"href":"https:\/\/radiowebmx.com\/nota\/wp-json\/wp\/v2\/posts\/18540\/revisions\/18542"}],"wp:featuredmedia":[{"embeddable":true,"href":"https:\/\/radiowebmx.com\/nota\/wp-json\/wp\/v2\/media\/18541"}],"wp:attachment":[{"href":"https:\/\/radiowebmx.com\/nota\/wp-json\/wp\/v2\/media?parent=18540"}],"wp:term":[{"taxonomy":"category","embeddable":true,"href":"https:\/\/radiowebmx.com\/nota\/wp-json\/wp\/v2\/categories?post=18540"},{"taxonomy":"post_tag","embeddable":true,"href":"https:\/\/radiowebmx.com\/nota\/wp-json\/wp\/v2\/tags?post=18540"}],"curies":[{"name":"wp","href":"https:\/\/api.w.org\/{rel}","templated":true}]}}