{"id":18533,"date":"2015-10-07T11:20:48","date_gmt":"2015-10-07T16:20:48","guid":{"rendered":"https:\/\/radiowebmx.com\/nota\/?p=18533"},"modified":"2015-10-07T11:20:48","modified_gmt":"2015-10-07T16:20:48","slug":"se-dicta-libertad-bajo-las-reservas-de-ley-a-cvz-por-el-delito-de-robo","status":"publish","type":"post","link":"https:\/\/radiowebmx.com\/nota\/se-dicta-libertad-bajo-las-reservas-de-ley-a-cvz-por-el-delito-de-robo\/","title":{"rendered":"Se dicta libertad bajo las reservas de ley a CVZ por el delito de robo"},"content":{"rendered":"<p>Este d\u00eda la magistrada de la Cuarta Sala Penal del Supremo Tribunal de Justicia del Estado, Mar\u00eda de los \u00c1ngeles Llanderal Zaragoza, dict\u00f3 auto de libertad a favor de CVZ, exclusivamente por lo que se refiere al delito de robo calificado del que fue acusado, cometido en agravio del Ayuntamiento de Aquila, Michoac\u00e1n.<\/p>\n<p>La magistrada consider\u00f3 que la consignaci\u00f3n presentada carece de argumentaci\u00f3n y fundamentaci\u00f3n suficientes para sostener la acusaci\u00f3n.<\/p>\n<p>Lo anterior, con base en el criterio de la Primera Sala de la Suprema Corte de Justicia de la Naci\u00f3n, en la que destaca la inexcusable separaci\u00f3n de las funciones que desempe\u00f1an el Ministerio P\u00fablico y el juzgador, como \u00f3rganos del Estado en el proceso penal, que impide al segundo asumir funciones que de suyo corresponden a la representaci\u00f3n social, por lo que no es posible ante la insuficiencia de la consignaci\u00f3n, suplir la deficiencia en la petici\u00f3n y fundamentaci\u00f3n.<\/p>\n<p>La sentencia se dicta bajo las reservas de ley, lo que significa que la autoridad correspondiente puede continuar con la investigaci\u00f3n y formular una nueva imputaci\u00f3n contra el ahora liberado.<\/p>\n<p>Cabe recordar que la funci\u00f3n jurisdiccional que cumplen \u2013por mandato Constitucional- magistrados y jueces del Poder Judicial de Michoac\u00e1n, es que todos los asuntos que se someten a su consideraci\u00f3n sean resueltos en estricto apego a Derecho y garantizando el debido proceso. As\u00ed, emiten sus resoluciones con plenitud de autonom\u00eda e independencia, y basados s\u00f3lo en las constancias que se someten a su consideraci\u00f3n.<\/p>\n<p>&nbsp;<\/p>\n<p>&nbsp;<\/p>\n","protected":false},"excerpt":{"rendered":"<p>Este d\u00eda la magistrada de la Cuarta Sala Penal del Supremo Tribunal de Justicia del Estado, Mar\u00eda de los \u00c1ngeles Llanderal Zaragoza, dict\u00f3 auto de libertad a favor de CVZ, exclusivamente por lo que se refiere al delito de robo calificado del que fue acusado, cometido en agravio del Ayuntamiento de Aquila, Michoac\u00e1n.<\/p>\n","protected":false},"author":1,"featured_media":18534,"comment_status":"open","ping_status":"open","sticky":false,"template":"","format":"standard","meta":{"footnotes":""},"categories":[14],"tags":[],"class_list":["post-18533","post","type-post","status-publish","format-standard","has-post-thumbnail","hentry","category-destacadas"],"_links":{"self":[{"href":"https:\/\/radiowebmx.com\/nota\/wp-json\/wp\/v2\/posts\/18533","targetHints":{"allow":["GET"]}}],"collection":[{"href":"https:\/\/radiowebmx.com\/nota\/wp-json\/wp\/v2\/posts"}],"about":[{"href":"https:\/\/radiowebmx.com\/nota\/wp-json\/wp\/v2\/types\/post"}],"author":[{"embeddable":true,"href":"https:\/\/radiowebmx.com\/nota\/wp-json\/wp\/v2\/users\/1"}],"replies":[{"embeddable":true,"href":"https:\/\/radiowebmx.com\/nota\/wp-json\/wp\/v2\/comments?post=18533"}],"version-history":[{"count":1,"href":"https:\/\/radiowebmx.com\/nota\/wp-json\/wp\/v2\/posts\/18533\/revisions"}],"predecessor-version":[{"id":18535,"href":"https:\/\/radiowebmx.com\/nota\/wp-json\/wp\/v2\/posts\/18533\/revisions\/18535"}],"wp:featuredmedia":[{"embeddable":true,"href":"https:\/\/radiowebmx.com\/nota\/wp-json\/wp\/v2\/media\/18534"}],"wp:attachment":[{"href":"https:\/\/radiowebmx.com\/nota\/wp-json\/wp\/v2\/media?parent=18533"}],"wp:term":[{"taxonomy":"category","embeddable":true,"href":"https:\/\/radiowebmx.com\/nota\/wp-json\/wp\/v2\/categories?post=18533"},{"taxonomy":"post_tag","embeddable":true,"href":"https:\/\/radiowebmx.com\/nota\/wp-json\/wp\/v2\/tags?post=18533"}],"curies":[{"name":"wp","href":"https:\/\/api.w.org\/{rel}","templated":true}]}}