{"id":18524,"date":"2015-10-06T12:59:51","date_gmt":"2015-10-06T17:59:51","guid":{"rendered":"https:\/\/radiowebmx.com\/nota\/?p=18524"},"modified":"2015-10-06T12:59:51","modified_gmt":"2015-10-06T17:59:51","slug":"prepara-ayuntamiento-el-octavo-festival-de-la-corunda-y-la-enchilada","status":"publish","type":"post","link":"https:\/\/radiowebmx.com\/nota\/prepara-ayuntamiento-el-octavo-festival-de-la-corunda-y-la-enchilada\/","title":{"rendered":"Prepara Ayuntamiento el Octavo Festival de la Corunda y la Enchilada"},"content":{"rendered":"<p>Con la finalidad de promocionar econ\u00f3micamente a los comerciantes de la Plaza San Agust\u00edn y rescatar las tradiciones gastron\u00f3micas de la capital de Michoac\u00e1n, el Ayuntamiento de Morelia que encabeza el Alcalde, Alfonso Mart\u00ednez Alc\u00e1zar, prepara el Octavo Festival de la Corunda y la Enchilada a realizarse el pr\u00f3ximo 17 y 18 de octubre, en el que se espera la participaci\u00f3n de alrededor de 3 mil asistentes.<\/p>\n<p>La Secretar\u00eda de Servicios P\u00fablicos a trav\u00e9s de la Direcci\u00f3n de Mercados y Comercio en la V\u00eda P\u00fablica, afina los preparativos para recibir a cocineros y comensales.<\/p>\n<p>Las actividades de esta festividad se prev\u00e9n arranquen al filo de las 5 de la tarde del pr\u00f3ximo s\u00e1bado 17 de Octubre, con eventos culturales y degustaciones de ambos platillos t\u00edpicos, es decir, que la m\u00fasica, la gastronom\u00eda y la convivencia familiar se conjuntar\u00e1n en un mismo lugar.<\/p>\n<p>El titular de Servicios P\u00fablicos, Jos\u00e9 Luis Gil V\u00e1zquez, manifest\u00f3 que se busca mejorar las ventas de ambos productos y que las degustaciones que se ofrecen de enchiladas y corundas, dos por persona, son para conservar una tradici\u00f3n y una forma \u00fanica de prepararse con la saz\u00f3n de cocineras morelianas.<\/p>\n<p>Los platillos oscilan desde 30 a 50 pesos y contemplan una orden de enchiladas con pollo, hasta 4 corundas con salsa de jitomate y crema.<\/p>\n<p>De esta forma, el Ayuntamiento que preside el Alcalde, Alfonso Mart\u00ednez, impulsa las actividades econ\u00f3micas que dan identidad a los puntos de gastronom\u00eda en Morelia, al ofrecer espacios en donde la ciudadan\u00eda disfrute de estos alimentos y pasen una tarde agradable en familia.<\/p>\n","protected":false},"excerpt":{"rendered":"<p>Con la finalidad de promocionar econ\u00f3micamente a los comerciantes de la Plaza San Agust\u00edn y rescatar las tradiciones gastron\u00f3micas de la capital de Michoac\u00e1n, el Ayuntamiento de Morelia que encabeza el Alcalde, <\/p>\n","protected":false},"author":1,"featured_media":18525,"comment_status":"open","ping_status":"open","sticky":false,"template":"","format":"standard","meta":{"footnotes":""},"categories":[14,9],"tags":[],"class_list":["post-18524","post","type-post","status-publish","format-standard","has-post-thumbnail","hentry","category-destacadas","category-morelia"],"_links":{"self":[{"href":"https:\/\/radiowebmx.com\/nota\/wp-json\/wp\/v2\/posts\/18524","targetHints":{"allow":["GET"]}}],"collection":[{"href":"https:\/\/radiowebmx.com\/nota\/wp-json\/wp\/v2\/posts"}],"about":[{"href":"https:\/\/radiowebmx.com\/nota\/wp-json\/wp\/v2\/types\/post"}],"author":[{"embeddable":true,"href":"https:\/\/radiowebmx.com\/nota\/wp-json\/wp\/v2\/users\/1"}],"replies":[{"embeddable":true,"href":"https:\/\/radiowebmx.com\/nota\/wp-json\/wp\/v2\/comments?post=18524"}],"version-history":[{"count":2,"href":"https:\/\/radiowebmx.com\/nota\/wp-json\/wp\/v2\/posts\/18524\/revisions"}],"predecessor-version":[{"id":18527,"href":"https:\/\/radiowebmx.com\/nota\/wp-json\/wp\/v2\/posts\/18524\/revisions\/18527"}],"wp:featuredmedia":[{"embeddable":true,"href":"https:\/\/radiowebmx.com\/nota\/wp-json\/wp\/v2\/media\/18525"}],"wp:attachment":[{"href":"https:\/\/radiowebmx.com\/nota\/wp-json\/wp\/v2\/media?parent=18524"}],"wp:term":[{"taxonomy":"category","embeddable":true,"href":"https:\/\/radiowebmx.com\/nota\/wp-json\/wp\/v2\/categories?post=18524"},{"taxonomy":"post_tag","embeddable":true,"href":"https:\/\/radiowebmx.com\/nota\/wp-json\/wp\/v2\/tags?post=18524"}],"curies":[{"name":"wp","href":"https:\/\/api.w.org\/{rel}","templated":true}]}}