{"id":18519,"date":"2015-10-06T12:57:15","date_gmt":"2015-10-06T17:57:15","guid":{"rendered":"https:\/\/radiowebmx.com\/nota\/?p=18519"},"modified":"2015-10-06T12:57:15","modified_gmt":"2015-10-06T17:57:15","slug":"brinda-ayuntamiento-de-morelia-total-apoyo-al-ficm","status":"publish","type":"post","link":"https:\/\/radiowebmx.com\/nota\/brinda-ayuntamiento-de-morelia-total-apoyo-al-ficm\/","title":{"rendered":"Brinda Ayuntamiento de Morelia total apoyo al FICM"},"content":{"rendered":"<p>Con el objetivo de que el Festival Internacional de Cine de Morelia (FICM) siga siendo un referente que ponga en alto el nombre de la capital de Michoac\u00e1n, el Presidente Municipal, Alfonso Mart\u00ednez Alc\u00e1zar brind\u00f3 su total apoyo para que este tipo de eventos contin\u00faen realiz\u00e1ndose en el municipio.<\/p>\n<p>En rueda de prensa, el Alcalde asegur\u00f3 que con el inicio de la nueva Administraci\u00f3n se dar\u00e1 un mejor impulso para que se realicen estos eventos de talla internacional, por lo que ofreci\u00f3 a la 13 edici\u00f3n del festival, todo el apoyo de parte del municipio.<\/p>\n<p>Subray\u00f3 que el respaldo de su Administraci\u00f3n ser\u00e1 fundamental para que se pueda desarrollar el FICM de la mejor forma \u201cnosotros creemos que este festival, adem\u00e1s de la derrama econ\u00f3mica que genera en el municipio y en nuestro estado, es una exposici\u00f3n que representa un tema muy nuestro, muy de Morelia, por lo que es algo que queremos que crezca cada vez m\u00e1s y por eso para nosotros es un honor estar aqu\u00ed y ofrecer nuestro apoyo y respaldo para trabajar juntos en que el festival cada vez sea mejor\u201d destac\u00f3.<\/p>\n<p>Mart\u00ednez Alc\u00e1zar expres\u00f3 que espera que en esta edici\u00f3n se presuma a nivel nacional que la edici\u00f3n n\u00famero 13 ser\u00e1 mejor que la anterior, pero sobre todo, dijo, que se demuestre que Morelia es el lugar perfecto para visitar, con los servicios, calidad y seguridad para recibir a miles de personas amantes del cine.<\/p>\n<p>El Presidente Municipal dej\u00f3 en claro que se apoyar\u00e1n los proyectos que beneficien a la ciudad de la Cantera Rosa, por lo que reiter\u00f3 su compromiso de contribuir para que esta edici\u00f3n salga adelante.<\/p>\n","protected":false},"excerpt":{"rendered":"<p>Con el objetivo de que el Festival Internacional de Cine de Morelia (FICM) siga siendo un referente que ponga en alto el nombre de la capital de Michoac\u00e1n, el Presidente Municipal, Alfonso Mart\u00ednez Alc\u00e1zar brind\u00f3 su total apoyo para que este tipo de eventos contin\u00faen realiz\u00e1ndose en el municipio.<\/p>\n","protected":false},"author":1,"featured_media":18520,"comment_status":"open","ping_status":"open","sticky":false,"template":"","format":"standard","meta":{"footnotes":""},"categories":[14,9],"tags":[],"class_list":["post-18519","post","type-post","status-publish","format-standard","has-post-thumbnail","hentry","category-destacadas","category-morelia"],"_links":{"self":[{"href":"https:\/\/radiowebmx.com\/nota\/wp-json\/wp\/v2\/posts\/18519","targetHints":{"allow":["GET"]}}],"collection":[{"href":"https:\/\/radiowebmx.com\/nota\/wp-json\/wp\/v2\/posts"}],"about":[{"href":"https:\/\/radiowebmx.com\/nota\/wp-json\/wp\/v2\/types\/post"}],"author":[{"embeddable":true,"href":"https:\/\/radiowebmx.com\/nota\/wp-json\/wp\/v2\/users\/1"}],"replies":[{"embeddable":true,"href":"https:\/\/radiowebmx.com\/nota\/wp-json\/wp\/v2\/comments?post=18519"}],"version-history":[{"count":1,"href":"https:\/\/radiowebmx.com\/nota\/wp-json\/wp\/v2\/posts\/18519\/revisions"}],"predecessor-version":[{"id":18521,"href":"https:\/\/radiowebmx.com\/nota\/wp-json\/wp\/v2\/posts\/18519\/revisions\/18521"}],"wp:featuredmedia":[{"embeddable":true,"href":"https:\/\/radiowebmx.com\/nota\/wp-json\/wp\/v2\/media\/18520"}],"wp:attachment":[{"href":"https:\/\/radiowebmx.com\/nota\/wp-json\/wp\/v2\/media?parent=18519"}],"wp:term":[{"taxonomy":"category","embeddable":true,"href":"https:\/\/radiowebmx.com\/nota\/wp-json\/wp\/v2\/categories?post=18519"},{"taxonomy":"post_tag","embeddable":true,"href":"https:\/\/radiowebmx.com\/nota\/wp-json\/wp\/v2\/tags?post=18519"}],"curies":[{"name":"wp","href":"https:\/\/api.w.org\/{rel}","templated":true}]}}