{"id":18511,"date":"2015-10-06T12:51:33","date_gmt":"2015-10-06T17:51:33","guid":{"rendered":"https:\/\/radiowebmx.com\/nota\/?p=18511"},"modified":"2015-10-06T12:51:33","modified_gmt":"2015-10-06T17:51:33","slug":"educacion-base-para-coadyuvar-con-el-desarrollo-de-michoacan-see","status":"publish","type":"post","link":"https:\/\/radiowebmx.com\/nota\/educacion-base-para-coadyuvar-con-el-desarrollo-de-michoacan-see\/","title":{"rendered":"Educaci\u00f3n, base para coadyuvar con el desarrollo de Michoac\u00e1n: SEE"},"content":{"rendered":"<p>El Gobernador de Michoac\u00e1n, Silvano Aureoles Conejo, se ha planteado que la educaci\u00f3n se transforme en uno de los factores que permitan resolver la mayor parte de los problemas del Estado de Michoac\u00e1n, por ello el objetivo principal que seguiremos al frente de la Secretar\u00eda de Educaci\u00f3n en el Estado (SEE) es elevar el nivel educativo y ampliar su cobertura, subray\u00f3 Silvia Figueroa Zamudio.<\/p>\n<p>La titular de la SEE realiz\u00f3 este lunes una visita a las instalaciones del Colegio de Estudios Cient\u00edficos y Tecnol\u00f3gicos del Estado de Michoac\u00e1n (CECyTEM), luego de que Carmen Escobedo P\u00e9rez, asumiera como nueva titular de la instituci\u00f3n.<\/p>\n<p>Durante su visita a este centro de estudios, la responsable de la pol\u00edtica educativa en la entidad, enfatiz\u00f3 que el objetivo que se ha planteado el Gobernador del Estado, Silvano Aureoles Conejo, es que \u201cla educaci\u00f3n sea de los factores que nos tiene que ayudar a resolver la mayor parte de los problemas del Estado de Michoac\u00e1n\u201d.<\/p>\n<p>Bajo esta premisa planteada por el titular del Ejecutivo estatal, convoc\u00f3 a los trabajadores de la educaci\u00f3n a laborar con esp\u00edritu de servicio a fin de coadyuvar con el desarrollo del Estado. En tal sentido manifest\u00f3 que \u201cNosotros venimos en calidad de compa\u00f1eros de trabajo ya que representamos a las instituciones educativas, ellas son nuestro origen profesional y son las que m\u00e1s pueden apoyar al desarrollo \u00a0que Michoac\u00e1n tanto necesita\u201d, destac\u00f3.<\/p>\n<p>Paralelamente, Figueroa Zamudio, reconoci\u00f3 al CECyTEM como una instituci\u00f3n que se caracteriza por trabajar con resultados tangibles y con calidad en el servicio que ofrece, por lo que consider\u00f3 que mantener un trabajo coordinado permitir\u00e1 \u00a0de manera paulatina que Michoac\u00e1n se caracterice, dijo, por hechos positivos.<\/p>\n<p>De igual forma, destac\u00f3 el trabajo de la nueva titular del CECyTEM, a quien le augur\u00f3 \u00e9xito en su labor tras reconocerla como una persona comprometida y que en diversas encomiendas ha entregado buenos resultados.<\/p>\n<p>Por su parte, Carmen Escobedo, coincidi\u00f3 en manifestar que \u201cla educaci\u00f3n es la \u00fanica bandera para seguir adelante\u201d, por lo que hizo un llamado a unir esfuerzos para \u00a0contribuir con el desarrollo del Estado.<\/p>\n<p>Indic\u00f3 que mantendr\u00e1 el camino institucional al frente de este centro educativo de nivel medio superior, mismo que cuenta con una representaci\u00f3n en 93 planteles distribuidos en el Estado.<\/p>\n<p>Finalmente ambas funcionarias, se pronunciaron a favor del cuidado de la salud, al anunciar el arranque de la campa\u00f1a contra el c\u00e1ncer de mama, la cual, se\u00f1alaron; no es privativa del sexo femenino por lo que hicieron un llamado a la prevenci\u00f3n.<\/p>\n","protected":false},"excerpt":{"rendered":"<p>SAC, se ha planteado que la educaci\u00f3n se transforme en uno de los factores que permitan resolver la mayor parte de los problemas del Estado de Michoac\u00e1n, por ello el objetivo principal que seguiremos al frente de la SEE es elevar el nivel educativo y ampliar su cobertura, subray\u00f3 Silvia Figueroa Zamudio.<\/p>\n","protected":false},"author":1,"featured_media":18512,"comment_status":"open","ping_status":"open","sticky":false,"template":"","format":"standard","meta":{"footnotes":""},"categories":[14,3],"tags":[],"class_list":["post-18511","post","type-post","status-publish","format-standard","has-post-thumbnail","hentry","category-destacadas","category-gobierno-del-estado-de-michoacan"],"_links":{"self":[{"href":"https:\/\/radiowebmx.com\/nota\/wp-json\/wp\/v2\/posts\/18511","targetHints":{"allow":["GET"]}}],"collection":[{"href":"https:\/\/radiowebmx.com\/nota\/wp-json\/wp\/v2\/posts"}],"about":[{"href":"https:\/\/radiowebmx.com\/nota\/wp-json\/wp\/v2\/types\/post"}],"author":[{"embeddable":true,"href":"https:\/\/radiowebmx.com\/nota\/wp-json\/wp\/v2\/users\/1"}],"replies":[{"embeddable":true,"href":"https:\/\/radiowebmx.com\/nota\/wp-json\/wp\/v2\/comments?post=18511"}],"version-history":[{"count":1,"href":"https:\/\/radiowebmx.com\/nota\/wp-json\/wp\/v2\/posts\/18511\/revisions"}],"predecessor-version":[{"id":18513,"href":"https:\/\/radiowebmx.com\/nota\/wp-json\/wp\/v2\/posts\/18511\/revisions\/18513"}],"wp:featuredmedia":[{"embeddable":true,"href":"https:\/\/radiowebmx.com\/nota\/wp-json\/wp\/v2\/media\/18512"}],"wp:attachment":[{"href":"https:\/\/radiowebmx.com\/nota\/wp-json\/wp\/v2\/media?parent=18511"}],"wp:term":[{"taxonomy":"category","embeddable":true,"href":"https:\/\/radiowebmx.com\/nota\/wp-json\/wp\/v2\/categories?post=18511"},{"taxonomy":"post_tag","embeddable":true,"href":"https:\/\/radiowebmx.com\/nota\/wp-json\/wp\/v2\/tags?post=18511"}],"curies":[{"name":"wp","href":"https:\/\/api.w.org\/{rel}","templated":true}]}}