{"id":1851,"date":"2013-03-18T11:17:19","date_gmt":"2013-03-18T17:17:19","guid":{"rendered":"https:\/\/radiowebmx.com\/nota\/?p=1851"},"modified":"2013-03-18T11:17:19","modified_gmt":"2013-03-18T17:17:19","slug":"conferencias-a-favor-del-campo-moreliano","status":"publish","type":"post","link":"https:\/\/radiowebmx.com\/nota\/conferencias-a-favor-del-campo-moreliano\/","title":{"rendered":"Conferencias a favor del campo moreliano"},"content":{"rendered":"<p><a href=\"https:\/\/radiowebmx.com\/nota\/wp-content\/uploads\/2013\/03\/DSC00282.jpg\"><img loading=\"lazy\" decoding=\"async\" class=\"alignnone size-full wp-image-1852\" title=\"DSC00282\" src=\"https:\/\/radiowebmx.com\/nota\/wp-content\/uploads\/2013\/03\/DSC00282.jpg\" alt=\"\" width=\"591\" height=\"217\" \/><\/a>Impulsar el Desarrollo de la Zona Rural de Morelia es uno de los principales ejes de trabajo de la administraci\u00f3n del Presidente Municipal Wilfrido L\u00e1zaro Medina, raz\u00f3n por la cual la Direcci\u00f3n de Desarrollo Rural celebr\u00f3 el tercer ciclo de conferencias \u201cFomento a la Producci\u00f3n Agr\u00edcola y Ganadera 2013\u201d a la que asistieron productores del municipio y personal t\u00e9cnico del Ayuntamiento moreliano.<\/p>\n<p align=\"left\">\n<p>El sal\u00f3n de usos m\u00faltiples de la Tesorer\u00eda Municipal fue sede del evento en el que la Directora de Desarrollo Rural\u00a0\u00a0Claudia Leticia L\u00e1zaro inaugur\u00f3 la sesi\u00f3n y destac\u00f3 que la capacitaci\u00f3n y actualizaci\u00f3n en los conocimientos e informaci\u00f3n en torno al campo, son la base integradora a los que obliga el plan municipal de desarrollo para hacer m\u00e1s eficaz la atenci\u00f3n a los problemas de quienes habitan en la zona rural del municipio.<\/p>\n<p>&nbsp;<\/p>\n<p>\u201cPlagas de importancia econ\u00f3mica en el cultivo del ma\u00edz y el sorgo\u201d, su impacto en la producci\u00f3n y su control, y \u201cEl chapul\u00edn, su control en la regi\u00f3n Morelia\u201d fueron los temas presentados por los Ingenieros. Miguel Vega, representante de la empresa SMC, y Refugio Estrada Aceves, representante de la empresa ANSA, Agro servicios Nacionales S.A. como parte del programa.<\/p>\n<p align=\"left\">\n<p>La titular de la dependencia municipal, quien fungi\u00f3 como anfitriona destac\u00f3 que los temas expuestos durante\u00a0\u00a0esta tercera sesi\u00f3n son de gran relevancia\u00a0\u00a0para la econom\u00eda de la zona rural del municipio ya que son problemas que afectan directamente la producci\u00f3n agr\u00edcola.<\/p>\n<p>&nbsp;<\/p>\n<p>Resalt\u00f3 que plagas como la gallina ciega, gusano cogollero, gusano de alambre, picudos del ma\u00edz, frailecillos, trips, grillos, chapulines, entre otros, son muy frecuentes en los sembrad\u00edos y combatirlos, es elemental para rescate de la producci\u00f3n en el campo, para lo cual es necesario mantener una constante actualizaci\u00f3n de las estrategias para su control y erradicaci\u00f3n.<\/p>\n<p>&nbsp;<\/p>\n<p>Subray\u00f3 que para evitar este tipo de problemas \u201cse debe iniciar con la elecci\u00f3n de los productos adecuados, buscando el perfil de aquellos que tengan un mayor espectro de control, mayor potencia y acci\u00f3n duradera, menos efecto residual y mayor respeto a la naturaleza, manejados con\u00a0\u00a0t\u00e9cnicas eficientes como son la aplicaci\u00f3n de dosis correctas, los\u00a0\u00a0tiempos,\u00a0\u00a0equipos, materiales y\u00a0\u00a0formas de aplicaci\u00f3n\u201d, dijo.<\/p>\n<p>&nbsp;<\/p>\n<p>Finalmente\u00a0\u00a0la Directora de Desarrollo Rural, recalc\u00f3 que el \u00e1rea que preside cuenta con programas oficiales para la atenci\u00f3n de este tipo de problemas, a trav\u00e9s de los cuales proporcionan informaci\u00f3n, capacitaci\u00f3n, asesor\u00eda profesional y apoyo en insumos a los productores para proteger sus cultivos, su econom\u00eda y mejorar la producci\u00f3n alimentaria en el municipio.<\/p>\n","protected":false},"excerpt":{"rendered":"<p>Impulsar el Desarrollo de la Zona Rural de Morelia es uno de los principales ejes de trabajo de la administraci\u00f3n del Presidente Municipal Wilfrido L\u00e1zaro Medina, raz\u00f3n por la cual la Direcci\u00f3n de Desarrollo Rural celebr\u00f3 el tercer ciclo de conferencias \u201cFomento a la Producci\u00f3n Agr\u00edcola y Ganadera 2013\u201d a la que asistieron productores del municipio y personal t\u00e9cnico del Ayuntamiento moreliano.<\/p>\n","protected":false},"author":1,"featured_media":0,"comment_status":"open","ping_status":"open","sticky":false,"template":"","format":"standard","meta":{"footnotes":""},"categories":[14,9],"tags":[],"class_list":["post-1851","post","type-post","status-publish","format-standard","hentry","category-destacadas","category-morelia"],"_links":{"self":[{"href":"https:\/\/radiowebmx.com\/nota\/wp-json\/wp\/v2\/posts\/1851","targetHints":{"allow":["GET"]}}],"collection":[{"href":"https:\/\/radiowebmx.com\/nota\/wp-json\/wp\/v2\/posts"}],"about":[{"href":"https:\/\/radiowebmx.com\/nota\/wp-json\/wp\/v2\/types\/post"}],"author":[{"embeddable":true,"href":"https:\/\/radiowebmx.com\/nota\/wp-json\/wp\/v2\/users\/1"}],"replies":[{"embeddable":true,"href":"https:\/\/radiowebmx.com\/nota\/wp-json\/wp\/v2\/comments?post=1851"}],"version-history":[{"count":2,"href":"https:\/\/radiowebmx.com\/nota\/wp-json\/wp\/v2\/posts\/1851\/revisions"}],"predecessor-version":[{"id":1854,"href":"https:\/\/radiowebmx.com\/nota\/wp-json\/wp\/v2\/posts\/1851\/revisions\/1854"}],"wp:attachment":[{"href":"https:\/\/radiowebmx.com\/nota\/wp-json\/wp\/v2\/media?parent=1851"}],"wp:term":[{"taxonomy":"category","embeddable":true,"href":"https:\/\/radiowebmx.com\/nota\/wp-json\/wp\/v2\/categories?post=1851"},{"taxonomy":"post_tag","embeddable":true,"href":"https:\/\/radiowebmx.com\/nota\/wp-json\/wp\/v2\/tags?post=1851"}],"curies":[{"name":"wp","href":"https:\/\/api.w.org\/{rel}","templated":true}]}}