{"id":18508,"date":"2015-10-06T12:47:25","date_gmt":"2015-10-06T17:47:25","guid":{"rendered":"https:\/\/radiowebmx.com\/nota\/?p=18508"},"modified":"2015-10-06T12:47:25","modified_gmt":"2015-10-06T17:47:25","slug":"fortalecera-secretaria-de-turismo-de-michoacan-programa-pueblos-magicos","status":"publish","type":"post","link":"https:\/\/radiowebmx.com\/nota\/fortalecera-secretaria-de-turismo-de-michoacan-programa-pueblos-magicos\/","title":{"rendered":"Fortalecer\u00e1 Secretar\u00eda de Turismo de Michoac\u00e1n Programa Pueblos M\u00e1gicos"},"content":{"rendered":"<p>Cumpliendo las instrucciones del Gobernador Constitucional de Michoac\u00e1n, Silvano Aureoles Conejo, la titular de la Secretar\u00eda de Turismo del Estado, Liliana L\u00f3pez Buenrostro, anunci\u00f3 que se fortalecer\u00e1 el impulso a los destinos inscritos en la lista de Pueblos M\u00e1gicos de M\u00e9xico. De entrada contar\u00e1n con un apoyo adicional para el impulso a las tradiciones de Noche de Muertos.<\/p>\n<p>La titular de Sectur sostuvo una reuni\u00f3n de trabajo con los Presidentes Municipales de P\u00e1tzcuaro, V\u00edctor Manuel B\u00e1ez Ceja; Angangueo, Leonel Mart\u00ednez Maya; Cuitzeo, Juan Mascote Sesento; Tzintzuntzan, Elesban Aparicio Cuiriz; Tac\u00e1mbaro, Mauricio Acosta Almanza y Tlalpujahua, Ram\u00f3n Emiliano Garc\u00eda Rebollo y los directores de turismo de los 8 Pueblos M\u00e1gicos de la entidad, L\u00f3pez Buenrostro subray\u00f3 que se trata de una marca de prestigio que se debe cuidar para garantizar su continuidad.<\/p>\n<p>En este tenor, L\u00f3pez Buenrostro solicit\u00f3 un esfuerzo rec\u00edproco a los alcaldes: \u201cla Secretar\u00eda de Turismo har\u00e1 su parte y los Ayuntamientos deber\u00e1n cumplir, en tiempo y forma, con los requerimientos y observaciones que establezca la federaci\u00f3n\u201d, reiter\u00f3.<\/p>\n<p>Cabe recordar que el 3 de diciembre pr\u00f3ximo la federaci\u00f3n reiniciar\u00e1 visitas de evaluaci\u00f3n y al momento los 8 Pueblos M\u00e1gicos de Michoac\u00e1n se encuentran al d\u00eda en el cumplimiento anual de normativas, observaciones y recomendaciones.<\/p>\n<p>Por su parte, los alcaldes solicitaron diversos apoyos conjuntos. Destacan la realizaci\u00f3n de la Primera Feria Estatal de Pueblos M\u00e1gicos en la ciudad de Morelia, junto con 8 Ferias regionales en cada uno de los destinos con esa distinci\u00f3n; gestionar encuentros con el Gobernador del Estado, Silvano Aureoles Conejo y con el Secretario de Turismo Federal, Enrique de la Madrid Cordero.<\/p>\n<p><strong>Analizan los programas y la agenda pendiente<\/strong><\/p>\n<p>Posteriormente, Liliana L\u00f3pez Buenrostro atendi\u00f3 tambi\u00e9n un encuentro con el personal directivo de la dependencia a su cargo, para recibir la informaci\u00f3n actualizada sobre el estatus de los diversos programas y acciones establecidas, as\u00ed como el avance presupuestal para el a\u00f1o que est\u00e1 por concluir.<\/p>\n<p>Asimismo, realiz\u00f3 un recorrido por las oficinas para establecer comunicaci\u00f3n directa con el personal de base y confianza que labora en la dependencia a su cargo.<\/p>\n","protected":false},"excerpt":{"rendered":"<p>Cumpliendo las instrucciones del Gobernador Constitucional de Michoac\u00e1n, Silvano Aureoles Conejo, la titular de la Secretar\u00eda de Turismo del Estado, Liliana L\u00f3pez Buenrostro, anunci\u00f3 que se fortalecer\u00e1 el impulso a los destinos inscritos en la lista de Pueblos M\u00e1gicos de M\u00e9xico.<\/p>\n","protected":false},"author":1,"featured_media":18509,"comment_status":"open","ping_status":"open","sticky":false,"template":"","format":"standard","meta":{"footnotes":""},"categories":[14,3],"tags":[],"class_list":["post-18508","post","type-post","status-publish","format-standard","has-post-thumbnail","hentry","category-destacadas","category-gobierno-del-estado-de-michoacan"],"_links":{"self":[{"href":"https:\/\/radiowebmx.com\/nota\/wp-json\/wp\/v2\/posts\/18508","targetHints":{"allow":["GET"]}}],"collection":[{"href":"https:\/\/radiowebmx.com\/nota\/wp-json\/wp\/v2\/posts"}],"about":[{"href":"https:\/\/radiowebmx.com\/nota\/wp-json\/wp\/v2\/types\/post"}],"author":[{"embeddable":true,"href":"https:\/\/radiowebmx.com\/nota\/wp-json\/wp\/v2\/users\/1"}],"replies":[{"embeddable":true,"href":"https:\/\/radiowebmx.com\/nota\/wp-json\/wp\/v2\/comments?post=18508"}],"version-history":[{"count":1,"href":"https:\/\/radiowebmx.com\/nota\/wp-json\/wp\/v2\/posts\/18508\/revisions"}],"predecessor-version":[{"id":18510,"href":"https:\/\/radiowebmx.com\/nota\/wp-json\/wp\/v2\/posts\/18508\/revisions\/18510"}],"wp:featuredmedia":[{"embeddable":true,"href":"https:\/\/radiowebmx.com\/nota\/wp-json\/wp\/v2\/media\/18509"}],"wp:attachment":[{"href":"https:\/\/radiowebmx.com\/nota\/wp-json\/wp\/v2\/media?parent=18508"}],"wp:term":[{"taxonomy":"category","embeddable":true,"href":"https:\/\/radiowebmx.com\/nota\/wp-json\/wp\/v2\/categories?post=18508"},{"taxonomy":"post_tag","embeddable":true,"href":"https:\/\/radiowebmx.com\/nota\/wp-json\/wp\/v2\/tags?post=18508"}],"curies":[{"name":"wp","href":"https:\/\/api.w.org\/{rel}","templated":true}]}}