{"id":1848,"date":"2013-03-18T11:14:03","date_gmt":"2013-03-18T17:14:03","guid":{"rendered":"https:\/\/radiowebmx.com\/nota\/?p=1848"},"modified":"2013-03-18T11:14:03","modified_gmt":"2013-03-18T17:14:03","slug":"secretaria-de-educacion-capacita-a-docentes-en-formacion-civica-y-etica","status":"publish","type":"post","link":"https:\/\/radiowebmx.com\/nota\/secretaria-de-educacion-capacita-a-docentes-en-formacion-civica-y-etica\/","title":{"rendered":"Secretar\u00eda de Educaci\u00f3n capacita a docentes en Formaci\u00f3n C\u00edvica y \u00c9tica"},"content":{"rendered":"<p><a href=\"https:\/\/radiowebmx.com\/nota\/wp-content\/uploads\/2013\/03\/c2.jpg\"><img loading=\"lazy\" decoding=\"async\" class=\"alignnone size-full wp-image-1849\" title=\"c2\" src=\"https:\/\/radiowebmx.com\/nota\/wp-content\/uploads\/2013\/03\/c2.jpg\" alt=\"\" width=\"591\" height=\"272\" \/><\/a><\/p>\n<p>Para favorecer el desarrollo de valores que fortalezcan la conciencia e impacten en el aprendizaje de los ni\u00f1os de educaci\u00f3n b\u00e1sica, la Secretar\u00eda de Educaci\u00f3n de Michoac\u00e1n a trav\u00e9s de la Unidad Estatal de Desarrollo del Magisterio (UNEDEPROM), capacita a 774 docentes en las asignaturas de Formaci\u00f3n C\u00edvica y \u00c9tica.<\/p>\n<p>De acuerdo con el\u00a0 titular de la Unidad de Desarrollo Profesional del Magisterio, Jos\u00e9 del Carmen Soto Ram\u00edrez, las materias de Formaci\u00f3n C\u00edvica y \u00c9tica son fundamentales para el avance del curr\u00edculo institucional, porque contribuyen a la construcci\u00f3n de una identidad nacional e individual que impacta en la conciencia de los seres humanos.<\/p>\n<p>El aprendizaje que desarrollan los docentes en el marco de la asignatura se\u00f1alada, tiene como prop\u00f3sito fortalecer su conocimiento en nociones diversas, estrategias intelectuales, disposiciones y actitudes que permitan al educando, responder de manera c\u00edvica y \u00e9tica ante situaciones que involucran su vida personal y social, lo que ayudar\u00e1 al estudiante a enfrentar conflictos de manera civilizada tanto en forma colectiva como personal.<\/p>\n<p>Soto Ram\u00edrez se\u00f1al\u00f3 que la educaci\u00f3n moral debe ser una materia formativa en las nuevas generaciones de estudiantes, ya que ello dar\u00e1 paso a la conformaci\u00f3n de una sociedad que resuelva problemas en colaboraci\u00f3n y respeto de las autoridades en turno.<\/p>\n<p>El\u00a0 prop\u00f3sito de la capacitaci\u00f3n es que los docentes de Preescolar, Primaria\u00a0 y Secundaria, influyan en la vida social de sus alumnos y formen personas con criterios s\u00f3lidos por medio del refuerzo de los valores universales como la justicia, solidaridad, convivencia, cooperaci\u00f3n o el cuidado de los dem\u00e1s.<\/p>\n<p>La capacitaci\u00f3n de los docentes de Educaci\u00f3n B\u00e1sica en educaci\u00f3n moral, fortalece las categor\u00edas de ense\u00f1ar a aprender, educar para la tolerancia, la inclusi\u00f3n, la\u00a0 discriminaci\u00f3n y la civilidad, porque la instrucci\u00f3n en valores es el pilar del nuevo conocimiento que debe potenciar el docente para la formar ciudadanos responsables.<\/p>\n<p>El director de la Unidad de Desarrollo Profesional del Magisterio, explic\u00f3 que la capacitaci\u00f3n en Educaci\u00f3n C\u00edvica y \u00c9tica, comprende 150 horas de trabajo efectivo presencial y de investigaci\u00f3n por parte de los participantes, que se desarrolla en los 24 Centros de Desarrollo Profesional\u00a0 (CEDEPROM)\u00a0 del estado.<\/p>\n","protected":false},"excerpt":{"rendered":"<p>Para favorecer el desarrollo de valores que fortalezcan la conciencia e impacten en el aprendizaje de los ni\u00f1os de educaci\u00f3n b\u00e1sica, la Secretar\u00eda de Educaci\u00f3n de Michoac\u00e1n a trav\u00e9s de la Unidad Estatal de Desarrollo del Magisterio (UNEDEPROM), capacita a 774 docentes en las asignaturas de Formaci\u00f3n C\u00edvica y \u00c9tica.<\/p>\n","protected":false},"author":1,"featured_media":0,"comment_status":"open","ping_status":"open","sticky":false,"template":"","format":"standard","meta":{"footnotes":""},"categories":[14,3],"tags":[],"class_list":["post-1848","post","type-post","status-publish","format-standard","hentry","category-destacadas","category-gobierno-del-estado-de-michoacan"],"_links":{"self":[{"href":"https:\/\/radiowebmx.com\/nota\/wp-json\/wp\/v2\/posts\/1848","targetHints":{"allow":["GET"]}}],"collection":[{"href":"https:\/\/radiowebmx.com\/nota\/wp-json\/wp\/v2\/posts"}],"about":[{"href":"https:\/\/radiowebmx.com\/nota\/wp-json\/wp\/v2\/types\/post"}],"author":[{"embeddable":true,"href":"https:\/\/radiowebmx.com\/nota\/wp-json\/wp\/v2\/users\/1"}],"replies":[{"embeddable":true,"href":"https:\/\/radiowebmx.com\/nota\/wp-json\/wp\/v2\/comments?post=1848"}],"version-history":[{"count":1,"href":"https:\/\/radiowebmx.com\/nota\/wp-json\/wp\/v2\/posts\/1848\/revisions"}],"predecessor-version":[{"id":1850,"href":"https:\/\/radiowebmx.com\/nota\/wp-json\/wp\/v2\/posts\/1848\/revisions\/1850"}],"wp:attachment":[{"href":"https:\/\/radiowebmx.com\/nota\/wp-json\/wp\/v2\/media?parent=1848"}],"wp:term":[{"taxonomy":"category","embeddable":true,"href":"https:\/\/radiowebmx.com\/nota\/wp-json\/wp\/v2\/categories?post=1848"},{"taxonomy":"post_tag","embeddable":true,"href":"https:\/\/radiowebmx.com\/nota\/wp-json\/wp\/v2\/tags?post=1848"}],"curies":[{"name":"wp","href":"https:\/\/api.w.org\/{rel}","templated":true}]}}