{"id":18475,"date":"2015-10-06T11:15:27","date_gmt":"2015-10-06T16:15:27","guid":{"rendered":"https:\/\/radiowebmx.com\/nota\/?p=18475"},"modified":"2015-10-06T11:15:27","modified_gmt":"2015-10-06T16:15:27","slug":"dan-seguimiento-a-la-implementacion-del-nuevo-sistema-de-justicia-penal-en-michoacan","status":"publish","type":"post","link":"https:\/\/radiowebmx.com\/nota\/dan-seguimiento-a-la-implementacion-del-nuevo-sistema-de-justicia-penal-en-michoacan\/","title":{"rendered":"Dan seguimiento a la implementaci\u00f3n del Nuevo Sistema de Justicia Penal en Michoac\u00e1n"},"content":{"rendered":"<p>Como parte de las acciones que realiza la Secretar\u00eda Ejecutiva del Consejo para el Nuevo Sistema de Justicia Penal para dar seguimiento a la implementaci\u00f3n del sistema acusatorio, adversarial y oral, el d\u00eda de hoy el titular de la instancia, Jes\u00fas Sierra Arias, sostuvo una reuni\u00f3n de trabajo con el fiscal de Uruapan, Gabriel Cambron Castellanos.<\/p>\n<p>El encuentro tuvo la finalidad de conocer los avances que se han presentado en la regi\u00f3n, fortalecer la comunicaci\u00f3n interinstitucional y reconocer el trabajo desarrollado por el personal de la Fiscal\u00eda de la Regi\u00f3n.<\/p>\n<p>El Secretario Ejecutivo, Jes\u00fas Sierra Arias, se\u00f1al\u00f3 que el compromiso y la colaboraci\u00f3n de las instituciones operadoras permitir\u00e1n brindarle a la ciudadan\u00eda un servicio de calidad y eficiente.<\/p>\n<p>De igual forma, dijo, que resulta necesario conocer los requerimientos de las instituciones involucradas en la aplicaci\u00f3n de la Reforma Constitucional en los ejes de capacitaci\u00f3n, infraestructura, tecnolog\u00edas de la informaci\u00f3n y difusi\u00f3n.<\/p>\n<p>Asimismo, se\u00f1al\u00f3 que a trav\u00e9s de la Consultor\u00eda proporcionada por la Secretar\u00eda T\u00e9cnica del Consejo de Coordinaci\u00f3n para la implementaci\u00f3n de la Reforma Penal (SETEC) y la Agencia de los Estados Unidos para el Desarrollo internacional (USAID) se puede acceder a diversos apoyos para garantizar la \u00f3ptima implementaci\u00f3n del sistema acusatorio, adversarial y oral.<\/p>\n<p>Por su parte Cambron Castellanos expres\u00f3 que es necesario informarle a la sociedad los casos de \u00e9xito en donde, en muchas ocasiones, tanto v\u00edctima como imputado resuelven de manera r\u00e1pida y satisfactoria su conflicto a trav\u00e9s de los mecanismos alternativos de soluci\u00f3n.<\/p>\n<p>En la reuni\u00f3n de trabajo tambi\u00e9n estuvo presente personal de la Consultora proporcionada por SETEC, directivos de USAID y personal de la Fiscal\u00eda Regional de Uruapan.<\/p>\n<p>Cabe destacar que la regi\u00f3n Uruapan inici\u00f3 la implementaci\u00f3n del Sistema Acusatorio, Adversarial y Oral el pasado 3 de agosto, incluye 18 municipios: Ario, Car\u00e1cuaro, Charapan, Churumuco, Gabriel Zamora, La Huacana, Nocup\u00e9taro, Nahuatzen, Nuevo Parangaricutiro, Nuevo Urecho, Paracho, Tac\u00e1mbaro, T\u00e1ncitaro, Taretan, Tingambato, Turicato, Uruapan, y Ziracuaretiro.<\/p>\n<p>De esta manera, la Secretar\u00eda Ejecutiva del Consejo para el Nuevo Sistema de Justicia Penal coordina las acciones para la implementaci\u00f3n, seguimiento y evaluaci\u00f3n del Sistema Acusatorio, Adversarial y Oral.<\/p>\n","protected":false},"excerpt":{"rendered":"<p>Como parte de las acciones que realiza la Secretar\u00eda Ejecutiva del Consejo para el Nuevo Sistema de Justicia Penal para dar seguimiento a la implementaci\u00f3n del sistema acusatorio, adversarial y oral, el d\u00eda de hoy el titular de la instancia, Jes\u00fas Sierra Arias, <\/p>\n","protected":false},"author":1,"featured_media":18477,"comment_status":"open","ping_status":"open","sticky":false,"template":"","format":"standard","meta":{"footnotes":""},"categories":[14,3],"tags":[],"class_list":["post-18475","post","type-post","status-publish","format-standard","has-post-thumbnail","hentry","category-destacadas","category-gobierno-del-estado-de-michoacan"],"_links":{"self":[{"href":"https:\/\/radiowebmx.com\/nota\/wp-json\/wp\/v2\/posts\/18475","targetHints":{"allow":["GET"]}}],"collection":[{"href":"https:\/\/radiowebmx.com\/nota\/wp-json\/wp\/v2\/posts"}],"about":[{"href":"https:\/\/radiowebmx.com\/nota\/wp-json\/wp\/v2\/types\/post"}],"author":[{"embeddable":true,"href":"https:\/\/radiowebmx.com\/nota\/wp-json\/wp\/v2\/users\/1"}],"replies":[{"embeddable":true,"href":"https:\/\/radiowebmx.com\/nota\/wp-json\/wp\/v2\/comments?post=18475"}],"version-history":[{"count":2,"href":"https:\/\/radiowebmx.com\/nota\/wp-json\/wp\/v2\/posts\/18475\/revisions"}],"predecessor-version":[{"id":18479,"href":"https:\/\/radiowebmx.com\/nota\/wp-json\/wp\/v2\/posts\/18475\/revisions\/18479"}],"wp:featuredmedia":[{"embeddable":true,"href":"https:\/\/radiowebmx.com\/nota\/wp-json\/wp\/v2\/media\/18477"}],"wp:attachment":[{"href":"https:\/\/radiowebmx.com\/nota\/wp-json\/wp\/v2\/media?parent=18475"}],"wp:term":[{"taxonomy":"category","embeddable":true,"href":"https:\/\/radiowebmx.com\/nota\/wp-json\/wp\/v2\/categories?post=18475"},{"taxonomy":"post_tag","embeddable":true,"href":"https:\/\/radiowebmx.com\/nota\/wp-json\/wp\/v2\/tags?post=18475"}],"curies":[{"name":"wp","href":"https:\/\/api.w.org\/{rel}","templated":true}]}}