{"id":18471,"date":"2015-10-05T15:12:37","date_gmt":"2015-10-05T20:12:37","guid":{"rendered":"https:\/\/radiowebmx.com\/nota\/?p=18471"},"modified":"2015-10-05T15:12:37","modified_gmt":"2015-10-05T20:12:37","slug":"agradecen-colonos-al-ayuntamiento-de-morelia-impulso-a-medidas-preventivas-en-materia-de-salud","status":"publish","type":"post","link":"https:\/\/radiowebmx.com\/nota\/agradecen-colonos-al-ayuntamiento-de-morelia-impulso-a-medidas-preventivas-en-materia-de-salud\/","title":{"rendered":"Agradecen colonos al Ayuntamiento de Morelia impulso a medidas preventivas en materia de salud"},"content":{"rendered":"<p>En el arranque de la jornada de salud \u201cEn Morelia Todos Contra el Dengue y la Chikungunya\u201d, vecinos de la colonia Obrera, reconocieron el trabajo del Ayuntamiento encabezado por el Alcalde, Alfonso Mart\u00ednez Alc\u00e1zar, al promover acciones inmediatas en una las zonas del municipio que requieren atenci\u00f3n sanitaria para prevenir la propagaci\u00f3n de enfermedades.<\/p>\n<p>Esta actividad fue encabezada por la Secretar\u00eda de Desarrollo Social de Morelia que dirige Guillermo Mar\u00edn Ch\u00e1vez, el cual expuso a los funcionarios y colonos reunidos, las caracter\u00edsticas de esta jornada y la importancia de que la ciudadan\u00eda participe para mantener limpia su vivienda como una estrategia tendiente a atacar al mosquito portador del virus.<\/p>\n<p>Acompa\u00f1ado por el Jefe de la Jurisdicci\u00f3n Sanitaria 01, Jes\u00fas Salgado Hern\u00e1ndez, los regidores Adela Alejandre Flores y Salvador Arvizu Cisneros, as\u00ed como los secretarios de Servicios P\u00fablicos y Obras P\u00fablicas, Jos\u00e9 Luis Gil V\u00e1zquez e Iv\u00e1n Calder\u00f3n Guti\u00e9rrez, respectivamente, el funcionario municipal detall\u00f3 que en las \u00faltimas semanas se han desplegado 10 brigadas cuya tarea es la de atender los focos de infecci\u00f3n a trav\u00e9s de informaci\u00f3n \u00fatil para la ciudadan\u00eda y el retiro de objetos que favorecen la reproducci\u00f3n del insecto.<\/p>\n<p>Previamente, Sonia Cruz Venegas, encargada del orden de la colonia Obrera, agradeci\u00f3 la presencia de las brigadas, pero sobre todo, destac\u00f3 el apoyo recibido por el Alcalde, Alfonso Mart\u00ednez Alc\u00e1zar, al instruir estas acciones para evitar que los vecinos contraigan la enfermedad.<\/p>\n<p>\u201cAgradezco que el Ayuntamiento por fin haya volteado los ojos hacia nuestra colonia y que a pesar de que estamos a escasas calles del Centro de Morelia, hayan acudido con nosotros pues tenemos muchas necesidades\u201d, dijo.<\/p>\n<p>En este sentido, la regidora Adela Alejandre, como titular de la comisi\u00f3n de Salud, se\u00f1al\u00f3 que la cartera que preside en el cabildo emprender\u00e1 acciones en conjunto con la sociedad, para garantizar el bienestar de los morelianos.<\/p>\n<p>Al t\u00e9rmino de las intervenciones, funcionarios y vecinos recorrieron parte del per\u00edmetro de la v\u00eda del tren en donde recogieron basura, y posteriormente se trasladaron a pie a los m\u00e1rgenes del R\u00edo Grande, en donde supervisaron los trabajos de poda.<\/p>\n<p>Con estas medidas, el Ayuntamiento refrenda su compromiso de atener la salud de los morelianos mediante tareas preventivas y la participaci\u00f3n ciudadana.<\/p>\n","protected":false},"excerpt":{"rendered":"<p>En el arranque de la jornada de salud \u201cEn Morelia Todos Contra el Dengue y la Chikungunya\u201d, vecinos de la colonia Obrera, reconocieron el trabajo del Ayuntamiento encabezado por el Alcalde, Alfonso Mart\u00ednez Alc\u00e1zar, <\/p>\n","protected":false},"author":1,"featured_media":18472,"comment_status":"open","ping_status":"open","sticky":false,"template":"","format":"standard","meta":{"footnotes":""},"categories":[14,9],"tags":[],"class_list":["post-18471","post","type-post","status-publish","format-standard","has-post-thumbnail","hentry","category-destacadas","category-morelia"],"_links":{"self":[{"href":"https:\/\/radiowebmx.com\/nota\/wp-json\/wp\/v2\/posts\/18471","targetHints":{"allow":["GET"]}}],"collection":[{"href":"https:\/\/radiowebmx.com\/nota\/wp-json\/wp\/v2\/posts"}],"about":[{"href":"https:\/\/radiowebmx.com\/nota\/wp-json\/wp\/v2\/types\/post"}],"author":[{"embeddable":true,"href":"https:\/\/radiowebmx.com\/nota\/wp-json\/wp\/v2\/users\/1"}],"replies":[{"embeddable":true,"href":"https:\/\/radiowebmx.com\/nota\/wp-json\/wp\/v2\/comments?post=18471"}],"version-history":[{"count":1,"href":"https:\/\/radiowebmx.com\/nota\/wp-json\/wp\/v2\/posts\/18471\/revisions"}],"predecessor-version":[{"id":18473,"href":"https:\/\/radiowebmx.com\/nota\/wp-json\/wp\/v2\/posts\/18471\/revisions\/18473"}],"wp:featuredmedia":[{"embeddable":true,"href":"https:\/\/radiowebmx.com\/nota\/wp-json\/wp\/v2\/media\/18472"}],"wp:attachment":[{"href":"https:\/\/radiowebmx.com\/nota\/wp-json\/wp\/v2\/media?parent=18471"}],"wp:term":[{"taxonomy":"category","embeddable":true,"href":"https:\/\/radiowebmx.com\/nota\/wp-json\/wp\/v2\/categories?post=18471"},{"taxonomy":"post_tag","embeddable":true,"href":"https:\/\/radiowebmx.com\/nota\/wp-json\/wp\/v2\/tags?post=18471"}],"curies":[{"name":"wp","href":"https:\/\/api.w.org\/{rel}","templated":true}]}}