{"id":18469,"date":"2015-10-04T15:07:35","date_gmt":"2015-10-04T20:07:35","guid":{"rendered":"https:\/\/radiowebmx.com\/nota\/?p=18469"},"modified":"2015-10-05T15:08:43","modified_gmt":"2015-10-05T20:08:43","slug":"se-compromete-el-secretario-de-gobierno-a-revisar-condiciones-laborales-del-sutopdssm","status":"publish","type":"post","link":"https:\/\/radiowebmx.com\/nota\/se-compromete-el-secretario-de-gobierno-a-revisar-condiciones-laborales-del-sutopdssm\/","title":{"rendered":"Se compromete el secretario de Gobierno a revisar condiciones laborales del SUTOPDSSM"},"content":{"rendered":"<p>Al refrendar la pol\u00edtica de puertas abiertas y de di\u00e1logo con los distintos gremios y organizaciones, el secretario de Gobierno, Adri\u00e1n L\u00f3pez Sol\u00eds, atendi\u00f3 a los integrantes del Sindicato \u00danico de Trabajadores del Organismo P\u00fablico Descentralizado de Servicios de Salud (SUTOPDSSM) con quienes refrend\u00f3 el compromiso de revisar los aspectos de regularizaci\u00f3n de los agremiados.<\/p>\n<p>&nbsp;<\/p>\n<p>Los sindicalizados, encabezados por su l\u00edder, Javier Maldonado expusieron la necesidad de revisar las condiciones de precariedad en torno a las regularizaciones de sus bases de trabajo, ya que se\u00f1alan que se no se han cumplido los lineamientos establecidos, hecho que dijo, el encargado de la Pol\u00edtica Interna del Gobierno del Estado,\u00a0 instruir\u00e1 con oportunidad, a la instancia responsable a fin de que atienda las demandas de los empleados de la Secretar\u00eda de Salud.<\/p>\n<p>&nbsp;<\/p>\n<p>L\u00f3pez Sol\u00eds expres\u00f3 que la pol\u00edtica instruida por el Gobernador, Silvano Aureoles Conejo se basa en el entendimiento y el di\u00e1logo con el objetivo de que todos los sectores de la sociedad michoacana sean escuchados, y en medida de las posibilidades, se atiendan a sus demandas. En ese sentido pidi\u00f3 que sea a trav\u00e9s de los consensos la f\u00f3rmula de generar las mejores condiciones para todas las problem\u00e1ticas del sector.<\/p>\n<p>&nbsp;<\/p>\n<p>Por \u00faltimo, refrend\u00f3 la disposici\u00f3n de continuar en mesas de di\u00e1logo y concertaci\u00f3n atendiendo las demandas del SUTOPDSSM y con ello poder lograr avances en uno de los sistemas prioritarios para el Poder Ejecutivo de Michoac\u00e1n.<\/p>\n","protected":false},"excerpt":{"rendered":"<p>Al refrendar la pol\u00edtica de puertas abiertas y de di\u00e1logo con los distintos gremios y organizaciones, el secretario de Gobierno, Adri\u00e1n L\u00f3pez Sol\u00eds, atendi\u00f3 a los integrantes del SUTOPDSSM con quienes refrend\u00f3 el compromiso de revisar los aspectos de regularizaci\u00f3n de los agremiados. <\/p>\n","protected":false},"author":1,"featured_media":0,"comment_status":"open","ping_status":"open","sticky":false,"template":"","format":"standard","meta":{"footnotes":""},"categories":[3],"tags":[],"class_list":["post-18469","post","type-post","status-publish","format-standard","hentry","category-gobierno-del-estado-de-michoacan"],"_links":{"self":[{"href":"https:\/\/radiowebmx.com\/nota\/wp-json\/wp\/v2\/posts\/18469","targetHints":{"allow":["GET"]}}],"collection":[{"href":"https:\/\/radiowebmx.com\/nota\/wp-json\/wp\/v2\/posts"}],"about":[{"href":"https:\/\/radiowebmx.com\/nota\/wp-json\/wp\/v2\/types\/post"}],"author":[{"embeddable":true,"href":"https:\/\/radiowebmx.com\/nota\/wp-json\/wp\/v2\/users\/1"}],"replies":[{"embeddable":true,"href":"https:\/\/radiowebmx.com\/nota\/wp-json\/wp\/v2\/comments?post=18469"}],"version-history":[{"count":1,"href":"https:\/\/radiowebmx.com\/nota\/wp-json\/wp\/v2\/posts\/18469\/revisions"}],"predecessor-version":[{"id":18470,"href":"https:\/\/radiowebmx.com\/nota\/wp-json\/wp\/v2\/posts\/18469\/revisions\/18470"}],"wp:attachment":[{"href":"https:\/\/radiowebmx.com\/nota\/wp-json\/wp\/v2\/media?parent=18469"}],"wp:term":[{"taxonomy":"category","embeddable":true,"href":"https:\/\/radiowebmx.com\/nota\/wp-json\/wp\/v2\/categories?post=18469"},{"taxonomy":"post_tag","embeddable":true,"href":"https:\/\/radiowebmx.com\/nota\/wp-json\/wp\/v2\/tags?post=18469"}],"curies":[{"name":"wp","href":"https:\/\/api.w.org\/{rel}","templated":true}]}}