{"id":18462,"date":"2015-10-02T15:01:20","date_gmt":"2015-10-02T20:01:20","guid":{"rendered":"https:\/\/radiowebmx.com\/nota\/?p=18462"},"modified":"2015-10-05T15:04:19","modified_gmt":"2015-10-05T20:04:19","slug":"el-gobernador-silvano-aureoles-conejo-instruye-la-reactivacion-economica-de-los-municipios","status":"publish","type":"post","link":"https:\/\/radiowebmx.com\/nota\/el-gobernador-silvano-aureoles-conejo-instruye-la-reactivacion-economica-de-los-municipios\/","title":{"rendered":"El Gobernador Silvano Aureoles Conejo instruye la reactivaci\u00f3n econ\u00f3mica de los municipios"},"content":{"rendered":"<pre>En su primer gira como Gobernador del Estado de Michoac\u00e1n, Silvano Aureoles Conejo instruy\u00f3 al secretario de Desarrollo Econ\u00f3mico (Sedeco), Antonio Soto S\u00e1nchez, a presentar un plan, municipio por municipio, para reactivar la econom\u00eda mediante el apoyo a las actividades productivas y, en consecuencia, la generaci\u00f3n de empleos.<\/pre>\n<pre>Un d\u00eda despu\u00e9s de rendir protesta como Gobernador Constitucional, Silvano Aureoles Conejo refrend\u00f3 su inter\u00e9s de tener una relaci\u00f3n estrecha con los municipios al visitar Tlalpujahua para inaugurar la Feria de la Esfera en su edici\u00f3n 16. En la Plaza Hermanos Ray\u00f3n, acompa\u00f1ado por los alcaldes de Irimbo, Contepec, Maravat\u00edo y Zit\u00e1cuaro, anunci\u00f3 que en este \u00faltimo municipio abrir\u00e1 una oficina de representaci\u00f3n de su Gobierno para tener cercan\u00eda con la regi\u00f3n, y estar al pendiente de sus necesidades.<\/pre>\n<pre>Respecto a su inter\u00e9s de reactivar la econom\u00eda local, explic\u00f3 que si se apoya a las empresas, peque\u00f1os negocios y talleres artesanales para que tengan mayores capacidades de producci\u00f3n, podr\u00e1n generar empleos y satisfacer una de las principales demandas de los michoacanos.<\/pre>\n<pre>A\u00f1adi\u00f3 que la proyecci\u00f3n negativa que ha tenido Michoac\u00e1n a nivel nacional e internacional ha debilitado la presencia de inversionistas y turistas; no obstante, recalc\u00f3 que su gobierno trabajar\u00e1 \"muy duro\" para alcanzar los prop\u00f3sitos que se han planteado, y uno de ellos es cambiar la imagen de nuestra entidad. Dicho esto, pidi\u00f3 a la secretaria de Turismo, Liliana Buenrostro dise\u00f1ar una campa\u00f1a de promoci\u00f3n de la regi\u00f3n Oriente, y del Estado en general.<\/pre>\n<pre>El mandatario convoc\u00f3 a sumar esfuerzos para resolver juntos los retos que enfrenta Michoac\u00e1n; \"claro que podemos arreglar las cosas si trabajamos juntos, y pensando en el bien com\u00fan, las cosas nos van a salir bien\", expres\u00f3.<\/pre>\n<pre>Al dar la bienvenida al mandatario michoacano durante el acto inaugural, el presidente municipal de Tlalpujahua, Ram\u00f3n Emiliano Garc\u00eda Rebollo, acept\u00f3 el llamado del gobernador y ofreci\u00f3 empe\u00f1ar todo el esfuerzo de su administraci\u00f3n para cambiar el rumbo de Michoac\u00e1n. Adem\u00e1s, pidi\u00f3 su apoyo para convertir a este municipio en \"la puerta oriente de acceso al para\u00edso michoacano\".<\/pre>\n<pre>En el evento presidido por el titular del Ejecutivo se dieron cita artesanos de 10 comunidades y colonias de Tlalpujahua. En representaci\u00f3n de este sector, y como presidente del Comit\u00e9 de los Artesanos de la Esfera, Alfredo Monroy Flores plante\u00f3 al mandatario un conjunto de peticiones de apoyo para mejorar sus condiciones de producci\u00f3n y comercializaci\u00f3n.<\/pre>\n<pre>El representante de los esfereros solicit\u00f3 apoyo para contar con un plaza artesanal en este municipio para poder ofertar sus productos de vidrio soplado de manera permanente, y cr\u00e9ditos en apoyo a talleres que debido a dificultades econ\u00f3micas han tenido que reducir su producci\u00f3n.<\/pre>\n<pre>La demanda m\u00e1s sentida de este gremio fue la de construcci\u00f3n de un centro de acopio de materia prima, ya que tienen que adquirirla en Brasil o en Estados Unidos, lo que disminuye considerablemente el margen de ganancia. Silvano Aureoles ofreci\u00f3 analizar sus demandas, y buscar alternativas para adquirir la materia prima en M\u00e9xico, y en el mejor de los casos, generar condiciones para que sea producida en Michoac\u00e1n. Adem\u00e1s, instruy\u00f3 a Antonio Lagunas V\u00e1zquez, director del Instituto del Artesano Michoacano, a dar apoyo a los talleres artesanales con programas de capacitaci\u00f3n.<\/pre>\n<pre>Acompa\u00f1aron al gobernador de Michoac\u00e1n en esta gira Pascual Sigala P\u00e1ez, presidente de la Junta de Coordinaci\u00f3n Pol\u00edtica del Congreso del Estado; Jaime Hinojosa Campa, diputado por el Distrito de Maravat\u00edo; Antonio Garc\u00eda Conejo, ex diputado federal; Abel Castillo Mart\u00ednez, presidente del Consejo Michoacano de Marcas Colectivas, y Cristina Cruz Hern\u00e1ndez, presidenta electa de El Oro, municipio del Estado de M\u00e9xico.<\/pre>\n","protected":false},"excerpt":{"rendered":"<p>En su primer gira como Gobernador del Estado de Michoac\u00e1n, SAC instruy\u00f3 al Sedeco, Antonio Soto S\u00e1nchez, a presentar un plan, municipio por municipio, para reactivar la econom\u00eda mediante el apoyo a las actividades productivas y, en consecuencia, la generaci\u00f3n de empleos.<\/p>\n","protected":false},"author":1,"featured_media":18463,"comment_status":"open","ping_status":"open","sticky":false,"template":"","format":"standard","meta":{"footnotes":""},"categories":[14,3],"tags":[],"class_list":["post-18462","post","type-post","status-publish","format-standard","has-post-thumbnail","hentry","category-destacadas","category-gobierno-del-estado-de-michoacan"],"_links":{"self":[{"href":"https:\/\/radiowebmx.com\/nota\/wp-json\/wp\/v2\/posts\/18462","targetHints":{"allow":["GET"]}}],"collection":[{"href":"https:\/\/radiowebmx.com\/nota\/wp-json\/wp\/v2\/posts"}],"about":[{"href":"https:\/\/radiowebmx.com\/nota\/wp-json\/wp\/v2\/types\/post"}],"author":[{"embeddable":true,"href":"https:\/\/radiowebmx.com\/nota\/wp-json\/wp\/v2\/users\/1"}],"replies":[{"embeddable":true,"href":"https:\/\/radiowebmx.com\/nota\/wp-json\/wp\/v2\/comments?post=18462"}],"version-history":[{"count":2,"href":"https:\/\/radiowebmx.com\/nota\/wp-json\/wp\/v2\/posts\/18462\/revisions"}],"predecessor-version":[{"id":18465,"href":"https:\/\/radiowebmx.com\/nota\/wp-json\/wp\/v2\/posts\/18462\/revisions\/18465"}],"wp:featuredmedia":[{"embeddable":true,"href":"https:\/\/radiowebmx.com\/nota\/wp-json\/wp\/v2\/media\/18463"}],"wp:attachment":[{"href":"https:\/\/radiowebmx.com\/nota\/wp-json\/wp\/v2\/media?parent=18462"}],"wp:term":[{"taxonomy":"category","embeddable":true,"href":"https:\/\/radiowebmx.com\/nota\/wp-json\/wp\/v2\/categories?post=18462"},{"taxonomy":"post_tag","embeddable":true,"href":"https:\/\/radiowebmx.com\/nota\/wp-json\/wp\/v2\/tags?post=18462"}],"curies":[{"name":"wp","href":"https:\/\/api.w.org\/{rel}","templated":true}]}}