{"id":1845,"date":"2013-03-18T11:11:24","date_gmt":"2013-03-18T17:11:24","guid":{"rendered":"https:\/\/radiowebmx.com\/nota\/?p=1845"},"modified":"2013-03-18T11:11:24","modified_gmt":"2013-03-18T17:11:24","slug":"prepara-immo-taller-de-autoestima","status":"publish","type":"post","link":"https:\/\/radiowebmx.com\/nota\/prepara-immo-taller-de-autoestima\/","title":{"rendered":"PREPARA IMMO TALLER DE AUTOESTIMA"},"content":{"rendered":"<p><a href=\"https:\/\/radiowebmx.com\/nota\/wp-content\/uploads\/2013\/03\/DSC_0517.jpg\"><img loading=\"lazy\" decoding=\"async\" class=\" wp-image-1846 alignleft\" title=\"DSC_0517\" src=\"https:\/\/radiowebmx.com\/nota\/wp-content\/uploads\/2013\/03\/DSC_0517.jpg\" alt=\"\" width=\"355\" height=\"369\" \/><\/a>Para cerrar con broche de oro el \u201cmes de la mujer\u201d\u00a0\u00a0el Ayuntamiento de Morelia, a trav\u00e9s del Instituto de la Mujer Moreliana, (IMMO) llevar\u00e1 a cabo Taller de Autoestima llamado \u201cS\u00f3lo Mujer\u201d, a realizarse el pr\u00f3ximo martes 26 de marzo, esto como complemento de la informaci\u00f3n difundida por diferentes organismos que trabajan para salvaguardar sus derechos.<\/p>\n<p>La Directora del IMMO Mar\u00eda del Rosario Jim\u00e9nez Zavala destac\u00f3 que en el marco de la celebraciones del D\u00eda Internacional de la Mujer y en atenci\u00f3n a la instrucci\u00f3n del Presidente Municipal, Wilfrido L\u00e1zaro Medina de respaldar las acciones encaminadas al apoyo de sectores vulnerables de la poblaci\u00f3n, como las mujeres que son madres solteras, amas de casa, profesionistas y esposas, se realizar\u00e1 esta actividad.<\/p>\n<p>El taller ser\u00e1 impartido por la psic\u00f3loga M\u00f3nica Ayala Mira, quien decidi\u00f3 sumar su voluntad con el IMMO para llevar a las mujeres morelianas este encuentro que les proporcionar\u00e1 herramientas para salir adelante de los diferentes retos con los que se enfrenta el g\u00e9nero femenino d\u00eda con d\u00eda en el siglo XXI.<\/p>\n<p>Al respecto Jim\u00e9nez Zavala resalt\u00f3 que esta actividad se realiza con el objetivo de brindar a las f\u00e9minas tips y consejos respecto a diferentes situaciones que pueden estar viviendo por el simple hecho de ser mujer y que van de acuerdo a lo que viven en la actualidad.<\/p>\n<p>Resalt\u00f3 que culminar el \u201cmes de la mujer\u201d con un taller para ayudar al autoestima de las morelianas que as\u00ed lo requieran, ser\u00e1 una buena acci\u00f3n con la que se impulsa el trabajo que hace esta dependencia, cubriendo los intereses de la administraci\u00f3n p\u00fablica municipal para contribuir a la transformaci\u00f3n positiva de Morelia.<\/p>\n<p>Cabe hacer menci\u00f3n que la sede del evento ser\u00e1 el auditorio de la dependencia municipal ubicada en Aldama 535 Colonia Centro y dar\u00e1 inicio a las 9:30 horas con entrada libre a todas aquellas mujeres que ocupan de apoyo y desean superarse.<\/p>\n","protected":false},"excerpt":{"rendered":"<p>Para cerrar con broche de oro el \u201cmes de la mujer\u201d  el Ayuntamiento de Morelia, a trav\u00e9s del Instituto de la Mujer Moreliana, (IMMO) llevar\u00e1 a cabo Taller de Autoestima llamado \u201cS\u00f3lo Mujer\u201d, a realizarse el pr\u00f3ximo martes 26 de marzo, esto como complemento de la informaci\u00f3n difundida por diferentes organismos que trabajan para salvaguardar sus derechos.<\/p>\n","protected":false},"author":1,"featured_media":0,"comment_status":"open","ping_status":"open","sticky":false,"template":"","format":"standard","meta":{"footnotes":""},"categories":[9],"tags":[],"class_list":["post-1845","post","type-post","status-publish","format-standard","hentry","category-morelia"],"_links":{"self":[{"href":"https:\/\/radiowebmx.com\/nota\/wp-json\/wp\/v2\/posts\/1845","targetHints":{"allow":["GET"]}}],"collection":[{"href":"https:\/\/radiowebmx.com\/nota\/wp-json\/wp\/v2\/posts"}],"about":[{"href":"https:\/\/radiowebmx.com\/nota\/wp-json\/wp\/v2\/types\/post"}],"author":[{"embeddable":true,"href":"https:\/\/radiowebmx.com\/nota\/wp-json\/wp\/v2\/users\/1"}],"replies":[{"embeddable":true,"href":"https:\/\/radiowebmx.com\/nota\/wp-json\/wp\/v2\/comments?post=1845"}],"version-history":[{"count":1,"href":"https:\/\/radiowebmx.com\/nota\/wp-json\/wp\/v2\/posts\/1845\/revisions"}],"predecessor-version":[{"id":1847,"href":"https:\/\/radiowebmx.com\/nota\/wp-json\/wp\/v2\/posts\/1845\/revisions\/1847"}],"wp:attachment":[{"href":"https:\/\/radiowebmx.com\/nota\/wp-json\/wp\/v2\/media?parent=1845"}],"wp:term":[{"taxonomy":"category","embeddable":true,"href":"https:\/\/radiowebmx.com\/nota\/wp-json\/wp\/v2\/categories?post=1845"},{"taxonomy":"post_tag","embeddable":true,"href":"https:\/\/radiowebmx.com\/nota\/wp-json\/wp\/v2\/tags?post=1845"}],"curies":[{"name":"wp","href":"https:\/\/api.w.org\/{rel}","templated":true}]}}