{"id":18427,"date":"2015-10-05T13:59:37","date_gmt":"2015-10-05T18:59:37","guid":{"rendered":"https:\/\/radiowebmx.com\/nota\/?p=18427"},"modified":"2015-10-05T13:59:37","modified_gmt":"2015-10-05T18:59:37","slug":"abre-ayuntamiento-de-morelia-oportunidades-para-la-inversion-de-capital-asiatico","status":"publish","type":"post","link":"https:\/\/radiowebmx.com\/nota\/abre-ayuntamiento-de-morelia-oportunidades-para-la-inversion-de-capital-asiatico\/","title":{"rendered":"Abre Ayuntamiento de Morelia oportunidades para la inversi\u00f3n de capital asi\u00e1tico"},"content":{"rendered":"<p>Como parte de las pol\u00edticas que impulsa el Ayuntamiento de Morelia para atraer la inversi\u00f3n de empresas que generen empleos en el municipio, \u00a0el Presidente Municipal \u00a0Alfonso Mart\u00ednez Alc\u00e1zar se reuni\u00f3 con empresarios chinos que mostraron inter\u00e9s por instalarse en la capital del estado y ser la punta de lanza para que m\u00e1s inversionistas lleguen a Morelia.<\/p>\n<p>En esta reuni\u00f3n en la que tambi\u00e9n estuvieron presentes el S\u00edndico, Fabio Sistos Rangel y la titular de la Secretar\u00eda de Fomento Econ\u00f3mico, Ireri Rivera Garc\u00eda, los empresarios asi\u00e1ticos indicaron que pretenden instalar una f\u00e1brica de calentadores solares en el espacio destinado para habilitar el segundo Parque Industrial en Morelia.<\/p>\n<p>El proyecto contempla la generaci\u00f3n de cientos de empleos directos y miles indirectos, lo que permitir\u00eda que igual n\u00famero de familias morelianas recib\u00edan un ingreso econ\u00f3mico en beneficio de su econom\u00eda.<\/p>\n<p>Al respecto, Alfonso Mart\u00ednez destac\u00f3 que el Ayuntamiento emprende pol\u00edticas a favor de la inversi\u00f3n, como una estrategia para generar fuentes de trabajo y a su vez, atacar la marginaci\u00f3n y la inseguridad.<\/p>\n<p>Indic\u00f3 que la empresa asi\u00e1tica ser\u00eda la punta de lanza que motivar\u00e1 a m\u00e1s inversionistas nacionales y extranjeros, a instalarse en el segundo Parque Industrial que se construir\u00e1 Morelia.<\/p>\n<p>De esta forma, el Ayuntamiento atiende el compromiso de generar empleos y facilitar la atracci\u00f3n de capital, para que \u00e9ste se convierta en empresas y negocios que abran las puertas a la mano de obra moreliana.<\/p>\n<p>El Presidente Municipal confi\u00f3 en que a la brevedad habr\u00e1 de aterrizar el proyecto asi\u00e1tico en la capital y que esta ser\u00e1 la primera de muchas empresas que ver\u00e1n a Morelia como un lugar de oportunidades.<\/p>\n","protected":false},"excerpt":{"rendered":"<p>Como parte de las pol\u00edticas que impulsa el Ayuntamiento de Morelia para atraer la inversi\u00f3n de empresas que generen empleos en el municipio,  el Presidente Municipal  AMA se reuni\u00f3 con empresarios chinos que mostraron inter\u00e9s por instalarse en la capital del estado y ser la punta de lanza <\/p>\n","protected":false},"author":1,"featured_media":18428,"comment_status":"open","ping_status":"open","sticky":false,"template":"","format":"standard","meta":{"footnotes":""},"categories":[14,9],"tags":[],"class_list":["post-18427","post","type-post","status-publish","format-standard","has-post-thumbnail","hentry","category-destacadas","category-morelia"],"_links":{"self":[{"href":"https:\/\/radiowebmx.com\/nota\/wp-json\/wp\/v2\/posts\/18427","targetHints":{"allow":["GET"]}}],"collection":[{"href":"https:\/\/radiowebmx.com\/nota\/wp-json\/wp\/v2\/posts"}],"about":[{"href":"https:\/\/radiowebmx.com\/nota\/wp-json\/wp\/v2\/types\/post"}],"author":[{"embeddable":true,"href":"https:\/\/radiowebmx.com\/nota\/wp-json\/wp\/v2\/users\/1"}],"replies":[{"embeddable":true,"href":"https:\/\/radiowebmx.com\/nota\/wp-json\/wp\/v2\/comments?post=18427"}],"version-history":[{"count":1,"href":"https:\/\/radiowebmx.com\/nota\/wp-json\/wp\/v2\/posts\/18427\/revisions"}],"predecessor-version":[{"id":18429,"href":"https:\/\/radiowebmx.com\/nota\/wp-json\/wp\/v2\/posts\/18427\/revisions\/18429"}],"wp:featuredmedia":[{"embeddable":true,"href":"https:\/\/radiowebmx.com\/nota\/wp-json\/wp\/v2\/media\/18428"}],"wp:attachment":[{"href":"https:\/\/radiowebmx.com\/nota\/wp-json\/wp\/v2\/media?parent=18427"}],"wp:term":[{"taxonomy":"category","embeddable":true,"href":"https:\/\/radiowebmx.com\/nota\/wp-json\/wp\/v2\/categories?post=18427"},{"taxonomy":"post_tag","embeddable":true,"href":"https:\/\/radiowebmx.com\/nota\/wp-json\/wp\/v2\/tags?post=18427"}],"curies":[{"name":"wp","href":"https:\/\/api.w.org\/{rel}","templated":true}]}}