{"id":1842,"date":"2013-03-18T10:57:47","date_gmt":"2013-03-18T16:57:47","guid":{"rendered":"https:\/\/radiowebmx.com\/nota\/?p=1842"},"modified":"2013-03-18T10:57:47","modified_gmt":"2013-03-18T16:57:47","slug":"impulso-al-empleo-con-base-en-dialogo-y-respeto-jesus-reyna","status":"publish","type":"post","link":"https:\/\/radiowebmx.com\/nota\/impulso-al-empleo-con-base-en-dialogo-y-respeto-jesus-reyna\/","title":{"rendered":"Impulso al empleo con base en di\u00e1logo y respeto: Jes\u00fas Reyna"},"content":{"rendered":"<p><a href=\"https:\/\/radiowebmx.com\/nota\/wp-content\/uploads\/2013\/03\/DSC_2397.jpg\"><img loading=\"lazy\" decoding=\"async\" class=\"alignnone size-full wp-image-1843\" title=\"DSC_2397\" src=\"https:\/\/radiowebmx.com\/nota\/wp-content\/uploads\/2013\/03\/DSC_2397.jpg\" alt=\"\" width=\"591\" height=\"332\" \/><\/a>Es prop\u00f3sito del gobernador Fausto Vallejo Figueroa preservar y promover el incremento de las oportunidades de empleo para todos, para lo cual es necesario impulsar relaciones laborales basadas en el di\u00e1logo propositivo, sin distingos partidistas e intereses de unos cuantos, para posicionar a M\u00e9xico como una econom\u00eda competitiva y pr\u00f3spera, afirm\u00f3 el secretario de Gobierno, J. Jes\u00fas Reyna Garc\u00eda, al inaugurar el Trig\u00e9simo Sexto Consejo Nacional de la Confederaci\u00f3n Revolucionaria de Trabajadores(CRT).<\/p>\n<p>Con la presencia de Jes\u00fas Valencia Mercado, secretario general de la Confederaci\u00f3n Revolucionaria de Trabajadores, Reyna Garc\u00eda reconoci\u00f3 el liderazgo responsable que realiza esta central sindical, que fue constituida en 1954 por Mario Su\u00e1rez Garc\u00eda, quien estuvo hasta el 2012 al frente de esa organizaci\u00f3n que representa una aut\u00e9ntica expresi\u00f3n de los trabajadores, por ser defensora de las conquistas sindicales y laborales alcanzadas por sus integrantes.<\/p>\n<p>Ante cientos de trabajadores reunidos en el sal\u00f3n principal del Centro de Convenciones, a\u00f1adi\u00f3 que la CRT tiene como principios fundamentales el fortalecimiento de la unidad entre trabajadores, la honestidad sindical, el respeto al derecho de huelga y la participaci\u00f3n de las mujeres en la lucha sindical.<\/p>\n<p>El responsable de la pol\u00edtica interna del estado destac\u00f3 que esta administraci\u00f3n estatal reconoce el esfuerzo diario que realizan las mujeres y los hombres trabajadores de Michoac\u00e1n y de M\u00e9xico, \u201cpor lo que siempre hemos sido respetuosos de los sindicatos y del pleno ejercicio de los derechos que tienen sus agremiados\u201d, sentenci\u00f3.<\/p>\n<p>Agreg\u00f3 que es indispensable aumentar la corresponsabilidad en estos temas, pues uno de los prop\u00f3sitos del gobernador de Michoac\u00e1n Fausto Vallejo, es impulsar relaciones laborales basadas en el di\u00e1logo propositivo, sin distingos partidistas e intereses de unos cuantos.<\/p>\n<p>Objetivos que -dijo- encuadran en lo que ha postulado el presidente de la Rep\u00fablica, Enrique Pe\u00f1a Nieto, quien ha se\u00f1alado que desde el plano laboral, se debe respetar la autonom\u00eda sindical, garantizando siempre el derecho de sus agremiados, tanto para elegir a sus dirigentes democr\u00e1ticamente, como para la clara rendici\u00f3n de cuentas que debe darse en todos los sindicatos.<\/p>\n<p>&nbsp;<\/p>\n<p>&nbsp;<\/p>\n<p>Reyna Garc\u00eda consider\u00f3 que se requiere preservar y promover el incremento de las oportunidades de empleo para todos y ser\u00e1 precisamente con la participaci\u00f3n responsable de la Confederaci\u00f3n Revolucionaria de Trabajadores, que se alcanzar\u00e1n mejores resultados en beneficio de los trabajadores y de sus familias.<\/p>\n<p>Reconoci\u00f3 que a\u00fan queda mucho por hacer, pues la econom\u00eda del mundo obliga a competir con otros pa\u00edses para atraer inversiones y posicionar los productos, sin duda alguna el reto es grande, \u201cno obstante, tenemos que posicionar a M\u00e9xico como una econom\u00eda competitiva y pr\u00f3spera\u201d.<\/p>\n<p>Finalmente, Jes\u00fas Reyna puntualiz\u00f3 que para transformar a M\u00e9xico, es indispensable transitar de un sindicalismo que inhibe la inversi\u00f3n de capitales nacionales y extranjeros, provocando la inestabilidad laboral y social, a uno que impulse el crecimiento y promueva la competitividad y la productividad, no s\u00f3lo de la entidad, sino del pa\u00eds, por lo que \u201cgobiernos, trabajadores y empleadores, debemos trabajar de manera conjunta, para lograr los mejores acuerdos que permitan avanzar al pa\u00eds en esa direcci\u00f3n\u201d, concluy\u00f3.<\/p>\n","protected":false},"excerpt":{"rendered":"<p>Es prop\u00f3sito del gobernador Fausto Vallejo Figueroa preservar y promover el incremento de las oportunidades de empleo para todos, para lo cual es necesario impulsar relaciones laborales basadas en el di\u00e1logo propositivo, sin distingos partidistas e intereses de unos cuantos, para posicionar a M\u00e9xico como una econom\u00eda competitiva y pr\u00f3spera, afirm\u00f3 el secretario de Gobierno, J. Jes\u00fas Reyna Garc\u00eda, al inaugurar el Trig\u00e9simo Sexto Consejo Nacional de la Confederaci\u00f3n Revolucionaria de Trabajadores(CRT).<\/p>\n","protected":false},"author":1,"featured_media":0,"comment_status":"open","ping_status":"open","sticky":false,"template":"","format":"standard","meta":{"footnotes":""},"categories":[14,3],"tags":[],"class_list":["post-1842","post","type-post","status-publish","format-standard","hentry","category-destacadas","category-gobierno-del-estado-de-michoacan"],"_links":{"self":[{"href":"https:\/\/radiowebmx.com\/nota\/wp-json\/wp\/v2\/posts\/1842","targetHints":{"allow":["GET"]}}],"collection":[{"href":"https:\/\/radiowebmx.com\/nota\/wp-json\/wp\/v2\/posts"}],"about":[{"href":"https:\/\/radiowebmx.com\/nota\/wp-json\/wp\/v2\/types\/post"}],"author":[{"embeddable":true,"href":"https:\/\/radiowebmx.com\/nota\/wp-json\/wp\/v2\/users\/1"}],"replies":[{"embeddable":true,"href":"https:\/\/radiowebmx.com\/nota\/wp-json\/wp\/v2\/comments?post=1842"}],"version-history":[{"count":1,"href":"https:\/\/radiowebmx.com\/nota\/wp-json\/wp\/v2\/posts\/1842\/revisions"}],"predecessor-version":[{"id":1844,"href":"https:\/\/radiowebmx.com\/nota\/wp-json\/wp\/v2\/posts\/1842\/revisions\/1844"}],"wp:attachment":[{"href":"https:\/\/radiowebmx.com\/nota\/wp-json\/wp\/v2\/media?parent=1842"}],"wp:term":[{"taxonomy":"category","embeddable":true,"href":"https:\/\/radiowebmx.com\/nota\/wp-json\/wp\/v2\/categories?post=1842"},{"taxonomy":"post_tag","embeddable":true,"href":"https:\/\/radiowebmx.com\/nota\/wp-json\/wp\/v2\/tags?post=1842"}],"curies":[{"name":"wp","href":"https:\/\/api.w.org\/{rel}","templated":true}]}}