{"id":1839,"date":"2013-03-18T10:54:43","date_gmt":"2013-03-18T16:54:43","guid":{"rendered":"https:\/\/radiowebmx.com\/nota\/?p=1839"},"modified":"2013-03-18T10:54:43","modified_gmt":"2013-03-18T16:54:43","slug":"sejoven-aporta-ideas-al-plan-nacional-de-desarrollo-2012-2018","status":"publish","type":"post","link":"https:\/\/radiowebmx.com\/nota\/sejoven-aporta-ideas-al-plan-nacional-de-desarrollo-2012-2018\/","title":{"rendered":"SEJOVEN APORTA IDEAS AL PLAN NACIONAL DE  DESARROLLO 2012-2018"},"content":{"rendered":"<p><a href=\"https:\/\/radiowebmx.com\/nota\/wp-content\/uploads\/2013\/03\/DSCF5035.jpg\"><img loading=\"lazy\" decoding=\"async\" class=\"alignnone size-full wp-image-1840\" title=\"DSCF5035\" src=\"https:\/\/radiowebmx.com\/nota\/wp-content\/uploads\/2013\/03\/DSCF5035.jpg\" alt=\"\" width=\"1181\" height=\"319\" \/><\/a>Con la presentaci\u00f3n de proyectos de vanguardia la delegaci\u00f3n michoacana brill\u00f3 durante las mesas de integraci\u00f3n del Plan Nacional de Desarrollo 2012-2018, en el rubro de j\u00f3venes, evento al que acudi\u00f3 Jes\u00fas V\u00e1zquez Estupi\u00f1\u00e1n, titular de la Secretar\u00eda de los J\u00f3venes de Michoac\u00e1n (Sejoven), acompa\u00f1ado por acad\u00e9micos y especialistas en el rubro.<\/p>\n<p>&nbsp;<\/p>\n<p>En la ceremonia de inauguraci\u00f3n, que estuvo encabezada por el secretario general de Gobierno de Colima, Rogelio Rueda S\u00e1nchez, el subsecretario de Prospectiva, Planeaci\u00f3n y Evaluaci\u00f3n de la Sedesol, Juan Carlos Lastiri Quir\u00f3s, hizo principal hincapi\u00e9 en que M\u00e9xico enfrenta una oportunidad demogr\u00e1fica inigualable, al contar con una cantidad in\u00e9dita de personas en edad productiva de entre 15 y 64 a\u00f1os de edad, lo que debe ser aprovechado y convertirlo en factor de desarrollo econ\u00f3mico y social, como lo han hecho los pa\u00edses avanzados.<\/p>\n<p>&nbsp;<\/p>\n<p>Por su parte, la encargada del Instituto Mexicano de la Juventud (Imjuve), Ana L\u00eda Garc\u00eda Garc\u00eda, manifest\u00f3 que para el presidente Enrique Pe\u00f1a Nieto, es muy importante la participaci\u00f3n de los j\u00f3venes, y la resultante de esta consulta (organizada por el propio Imjuve) ser\u00e1 incluida en el documento final del Plan Nacional de Desarrollo para el actual sexenio.<\/p>\n<p>&nbsp;<\/p>\n<p>Posterior a la ceremonia protocolaria se instalaron las mesas de trabajo \u201cM\u00e9xico Incluyente\u201d, \u201cEducaci\u00f3n con Calidad para Todos\u201d, \u201cM\u00e9xico con Responsabilidad Global\u201d, \u201cM\u00e9xico en Paz\u201d y \u201cM\u00e9xico Pr\u00f3spero\u201d; es en este \u00faltimo panel donde particip\u00f3 la delegaci\u00f3n Michoacana compuesta por el propio secretario de los J\u00f3venes, Jes\u00fas V\u00e1zquez y por Ariel Mu\u00f1oz Prado, rector de la Universidad de Morelia (UDEM) y Director de Startup Weekend Morelia.<\/p>\n<p>&nbsp;<\/p>\n<p>Durante las exposiciones se presentaron los dos modelos de desarrollo de emprendedurismo que actualmente se est\u00e1n implementando en Michoac\u00e1n, uno por parte de la Sejoven, el cual consiste en un modelo escalonado que inicia con la capacitaci\u00f3n en alg\u00fan oficio, a trav\u00e9s de las becas otorgadas en el Icatmi y el Cecati 35, este perteneciente al programa Capac\u00edtate.<\/p>\n<p>&nbsp;<\/p>\n<p>Posteriormente los j\u00f3venes pueden iniciar con la formalizaci\u00f3n de sus negocios gracias al programa de financiamiento Empl\u00e9ate, en el cual la Sejoven, en coordinaci\u00f3n con el Sistema de Financiamiento del Estado de Michoac\u00e1n (S\u00ed Financia), otorga cr\u00e9ditos a una tasa preferencial de 1 por ciento mensual y hasta 3 a\u00f1os para pagar.<\/p>\n<p>&nbsp;<\/p>\n<p>Durante su intervenci\u00f3n, el titular de la Sejoven, Jes\u00fas V\u00e1zquez Estupi\u00f1\u00e1n, destac\u00f3 que \u00a0los emprendedores pueden acceder a recursos hasta por 50 mil pesos del programa Yo emprendo, el cual se va a Fondo Perdido, y en caso de ser correctamente ejercido \u201cno se paga un solo centavo del mismo\u201d,<\/p>\n<p>&nbsp;<\/p>\n<p>Asimismo, resalt\u00f3 los esquemas federales del IMJUVE que aportan hasta 500 mil pesos a proyectos sociales, a trav\u00e9s del Programa Impulso M\u00e9xico.<\/p>\n<p>&nbsp;<\/p>\n<p>Durante su intervenci\u00f3n, Ariel Mu\u00f1oz, rector de la UDEM comparti\u00f3 su experiencia en lo que se conoce como Aceleradora de negocios, un esquema novedoso en el que los j\u00f3venes pueden capitalizar sus ideas mediante diversos esquemas, como Fondeo Participativo, el cual consiste en pedir financiamientos a diversas fuentes, en montos menores y no tratar de buscar un pr\u00e9stamo grande a un s\u00f3lo inversionista.<\/p>\n<p>&nbsp;<\/p>\n<p>Explic\u00f3 tambi\u00e9n los Campamentos de ideas, en los que los j\u00f3venes generan una idea y desarrollan el modelo de negocios en menos de 60 horas. Estas ideas son evaluadas por un consejo conformado por hombres de negocios quienes a su vez les ofrecen a los j\u00f3venes emprendedores diversas opciones para monetizar su proyecto.<\/p>\n<p>&nbsp;<\/p>\n<p>\u201cApenas hace una semana un grupo de j\u00f3venes le vendi\u00f3 una idea millonaria a una de las empresas m\u00e1s importantes del entretenimiento en M\u00e9xico, y de haber entrado sin un peso al campamento, salieron siendo due\u00f1os de una nobel empresa ya que se les dio mill\u00f3n y medio de pesos\u201d, afirm\u00f3 el acad\u00e9mico.<\/p>\n<p>&nbsp;<\/p>\n<p>Ambas ponencias acapararon las sesiones de preguntas y respuestas por parte del casi centenar de j\u00f3venes que participaron en dicho panel. Cabe destacar que la concurrencia estuvo compuesta por delegaciones de varios estados de la Rep\u00fablica, 23 de las cuales fueron encabezadas por los titulares de las Instancias Estatales de la Juventud, como en el caso de Michoac\u00e1n.<\/p>\n<p>&nbsp;<\/p>\n<p>Es importante destacar que ambos esquemas de emprendedurismo pueden ser contactados a trav\u00e9s de la Secretar\u00eda de los J\u00f3venes, ubicada en Crist\u00f3bal Pati\u00f1o No. 4371, Fracc. Fray Antonio de Lisboa (por la Salida a Mil Cumbres); y a los tel\u00e9fonos 313 36 63 y 313 39 49, as\u00ed como en los correos electr\u00f3nicos <a href=\"mailto:sejovenmichoacan@gmail.com\">sejovenmichoacan@gmail.com<\/a> y j.trujillo.magana@gmail.com<\/p>\n<p>&nbsp;<\/p>\n","protected":false},"excerpt":{"rendered":"<p>Con la presentaci\u00f3n de proyectos de vanguardia la delegaci\u00f3n michoacana brill\u00f3 durante las mesas de integraci\u00f3n del Plan Nacional de Desarrollo 2012-2018, en el rubro de j\u00f3venes, evento al que acudi\u00f3 Jes\u00fas V\u00e1zquez Estupi\u00f1\u00e1n, titular de la Secretar\u00eda de los J\u00f3venes de Michoac\u00e1n (Sejoven), acompa\u00f1ado por acad\u00e9micos y especialistas en el rubro.<\/p>\n","protected":false},"author":1,"featured_media":0,"comment_status":"open","ping_status":"open","sticky":false,"template":"","format":"standard","meta":{"footnotes":""},"categories":[14,3],"tags":[],"class_list":["post-1839","post","type-post","status-publish","format-standard","hentry","category-destacadas","category-gobierno-del-estado-de-michoacan"],"_links":{"self":[{"href":"https:\/\/radiowebmx.com\/nota\/wp-json\/wp\/v2\/posts\/1839","targetHints":{"allow":["GET"]}}],"collection":[{"href":"https:\/\/radiowebmx.com\/nota\/wp-json\/wp\/v2\/posts"}],"about":[{"href":"https:\/\/radiowebmx.com\/nota\/wp-json\/wp\/v2\/types\/post"}],"author":[{"embeddable":true,"href":"https:\/\/radiowebmx.com\/nota\/wp-json\/wp\/v2\/users\/1"}],"replies":[{"embeddable":true,"href":"https:\/\/radiowebmx.com\/nota\/wp-json\/wp\/v2\/comments?post=1839"}],"version-history":[{"count":1,"href":"https:\/\/radiowebmx.com\/nota\/wp-json\/wp\/v2\/posts\/1839\/revisions"}],"predecessor-version":[{"id":1841,"href":"https:\/\/radiowebmx.com\/nota\/wp-json\/wp\/v2\/posts\/1839\/revisions\/1841"}],"wp:attachment":[{"href":"https:\/\/radiowebmx.com\/nota\/wp-json\/wp\/v2\/media?parent=1839"}],"wp:term":[{"taxonomy":"category","embeddable":true,"href":"https:\/\/radiowebmx.com\/nota\/wp-json\/wp\/v2\/categories?post=1839"},{"taxonomy":"post_tag","embeddable":true,"href":"https:\/\/radiowebmx.com\/nota\/wp-json\/wp\/v2\/tags?post=1839"}],"curies":[{"name":"wp","href":"https:\/\/api.w.org\/{rel}","templated":true}]}}