{"id":18383,"date":"2015-10-02T11:52:52","date_gmt":"2015-10-02T16:52:52","guid":{"rendered":"https:\/\/radiowebmx.com\/nota\/?p=18383"},"modified":"2015-10-02T11:52:52","modified_gmt":"2015-10-02T16:52:52","slug":"gobernador-constitucional-de-michoacan-silvano-aureoles-conejo-toma-protesta-a-gabinete-legal-y-ampliado","status":"publish","type":"post","link":"https:\/\/radiowebmx.com\/nota\/gobernador-constitucional-de-michoacan-silvano-aureoles-conejo-toma-protesta-a-gabinete-legal-y-ampliado\/","title":{"rendered":"Gobernador Constitucional de Michoac\u00e1n, Silvano Aureoles Conejo Toma Protesta a Gabinete Legal y Ampliado"},"content":{"rendered":"<p>El gobernador del Estado, Silvano Aureoles Conejo les tom\u00f3 protesta a los integrantes del Gabinete Legal y Ampliado, esto como parte de la encomienda de las distintas \u00e1reas de la admnistraci\u00f3n p\u00fablica.<\/p>\n<p>El mandatario los conmin\u00f3 a desempe\u00f1ar leal y patrioticamente los distintos cargos en los que estar\u00e1n durante el periodo 2015- 2021, mismos a los que reiter\u00f3 la instrucci\u00f3n de trabajar con empe\u00f1o, compromiso y dedicaci\u00f3n para alcanzar las transformaciones que requiere el estado.<\/p>\n","protected":false},"excerpt":{"rendered":"<p>El gobernador del Estado, Silvano Aureoles Conejo les tom\u00f3 protesta a los integrantes del Gabinete Legal y Ampliado, esto como parte de la encomienda de las distintas \u00e1reas de la admnistraci\u00f3n p\u00fablica.<\/p>\n","protected":false},"author":1,"featured_media":18384,"comment_status":"open","ping_status":"open","sticky":false,"template":"","format":"standard","meta":{"footnotes":""},"categories":[14,3],"tags":[],"class_list":["post-18383","post","type-post","status-publish","format-standard","has-post-thumbnail","hentry","category-destacadas","category-gobierno-del-estado-de-michoacan"],"_links":{"self":[{"href":"https:\/\/radiowebmx.com\/nota\/wp-json\/wp\/v2\/posts\/18383","targetHints":{"allow":["GET"]}}],"collection":[{"href":"https:\/\/radiowebmx.com\/nota\/wp-json\/wp\/v2\/posts"}],"about":[{"href":"https:\/\/radiowebmx.com\/nota\/wp-json\/wp\/v2\/types\/post"}],"author":[{"embeddable":true,"href":"https:\/\/radiowebmx.com\/nota\/wp-json\/wp\/v2\/users\/1"}],"replies":[{"embeddable":true,"href":"https:\/\/radiowebmx.com\/nota\/wp-json\/wp\/v2\/comments?post=18383"}],"version-history":[{"count":1,"href":"https:\/\/radiowebmx.com\/nota\/wp-json\/wp\/v2\/posts\/18383\/revisions"}],"predecessor-version":[{"id":18385,"href":"https:\/\/radiowebmx.com\/nota\/wp-json\/wp\/v2\/posts\/18383\/revisions\/18385"}],"wp:featuredmedia":[{"embeddable":true,"href":"https:\/\/radiowebmx.com\/nota\/wp-json\/wp\/v2\/media\/18384"}],"wp:attachment":[{"href":"https:\/\/radiowebmx.com\/nota\/wp-json\/wp\/v2\/media?parent=18383"}],"wp:term":[{"taxonomy":"category","embeddable":true,"href":"https:\/\/radiowebmx.com\/nota\/wp-json\/wp\/v2\/categories?post=18383"},{"taxonomy":"post_tag","embeddable":true,"href":"https:\/\/radiowebmx.com\/nota\/wp-json\/wp\/v2\/tags?post=18383"}],"curies":[{"name":"wp","href":"https:\/\/api.w.org\/{rel}","templated":true}]}}