{"id":1834,"date":"2013-03-15T08:16:02","date_gmt":"2013-03-15T14:16:02","guid":{"rendered":"https:\/\/radiowebmx.com\/nota\/?p=1834"},"modified":"2013-03-15T08:16:02","modified_gmt":"2013-03-15T14:16:02","slug":"inicia-en-michoacan-estrategia-nacional-de-prevencion-de-la-violencia","status":"publish","type":"post","link":"https:\/\/radiowebmx.com\/nota\/inicia-en-michoacan-estrategia-nacional-de-prevencion-de-la-violencia\/","title":{"rendered":"INICIA EN MICHOAC\u00c1N ESTRATEGIA NACIONAL DE PREVENCI\u00d3N DE LA VIOLENCIA"},"content":{"rendered":"<p><a href=\"https:\/\/radiowebmx.com\/nota\/wp-content\/uploads\/2013\/03\/DSC_1769.jpg\"><img loading=\"lazy\" decoding=\"async\" class=\"alignleft size-full wp-image-1835\" title=\"DSC_1769\" src=\"https:\/\/radiowebmx.com\/nota\/wp-content\/uploads\/2013\/03\/DSC_1769.jpg\" alt=\"\" width=\"591\" height=\"256\" \/><\/a>En un hecho sin precedentes para nuestro estado y siendo Michoac\u00e1n junto con Morelos, las entidades en que este d\u00eda bajo un esquema de alta participaci\u00f3n social se puso en marcha el Programa Nacional de Prevenci\u00f3n del Delito, el subsecretario de Prevenci\u00f3n y Participaci\u00f3n Ciudadana de la Secretar\u00eda de Gobernaci\u00f3n federal, Roberto Campa Cifri\u00e1n instal\u00f3 la Comisi\u00f3n Interinstitucional para la Prevenci\u00f3n Social de la Violencia y la Delincuencia del estado.<\/p>\n<p>Con este acuerdo, nuestra entidad recibir\u00e1 59.2 millones de pesos de recurso federal para la operaci\u00f3n de las acciones de este Programa que tambi\u00e9n se deriva de la Estrategia Nacional de Seguridad, de los cuales 35.5 millones se destinar\u00e1n al municipio de Morelia y 23.7 millones a Uruapan, adicional a los 34.5 millones que aportar\u00e1 el gobierno federal por medio del Subsidio para la Seguridad de los Municipios (Subsemun) a otras alcald\u00edas.<\/p>\n<p>El objetivo de esta Comisi\u00f3n que representa la suma de esfuerzos de los gobiernos federal, estatal y municipales, es disminuir los factores de riesgo y revertir las condiciones de deterioro social, econ\u00f3mico y cultural que hay en la entidad.<\/p>\n<p>En presencia de miembros de la academia, del sector empresarial, de los presidentes municipales de Morelia y Uruapan, adem\u00e1s de integrantes del gabinete estatal, en representaci\u00f3n del gobernador Fausto Vallejo Figueroa, el secretario de Gobierno de Michoac\u00e1n, Jes\u00fas Reyna Garc\u00eda, congratul\u00f3 la presencia de Roberto Campa para poner en marcha esta estrategia pues afirm\u00f3, queda claro que con la suma del trabajo de la federaci\u00f3n, los municipios y las entidades vecinas, \u201ces como podremos hacer buen gobierno y dar paz y certidumbre a la sociedad\u201d.<\/p>\n<p>\u201cA nombre del gobernador Fausto Vallejo, le pido sea conducto para expresar al Presidente Enrique Pe\u00f1a Nieto, nuestro reconocimiento y determinaci\u00f3n como entidad, para colaborar en el trabajo de la prevenci\u00f3n del delito bajo un mismo esquema, pues deseamos que las cosas cambien en Michoac\u00e1n\u201d, dijo a Campa Cifri\u00e1n.<\/p>\n<p>Asimismo, Reyna Garc\u00eda reconoci\u00f3 que para que las estrategias de prevenci\u00f3n del delito sean efectivas, es preciso mejorar las condiciones para que haya m\u00e1s y mejores fuentes de empleo, crear \u00e1reas de convivencia recreativa, culturales y deportivas, as\u00ed como involucrar a los padres de familia, a los maestros y a todos los ciudadanos en la reconstrucci\u00f3n del tejido social.<\/p>\n<p>Refiri\u00f3 que los recursos que recibir\u00e1 Michoac\u00e1n de este convenio, se aplicar\u00e1n de forma transparente en seguimiento a los siguientes ejes rectores: Seguridad Ciudadana: Prevenci\u00f3n Integral y Prevenci\u00f3n Social de las Violencias y la Delincuencia; Juventudes, Mujeres, Grupos en Condiciones de Vulnerabilidad, Convivencia, Cohesi\u00f3n Comunitaria y Participaci\u00f3n Ciudadana; Cultura Ciudadana y Cultura de la Legalidad; Cultura de Paz, Urbanismo Social y Acupuntura Sociourbana.<\/p>\n<p>El encargado de la pol\u00edtica interna del estado, reiter\u00f3 que como gobierno estatal, se tiene la obligaci\u00f3n y se trabaja para disminuir los \u00edndices de inseguridad y violencia, y para ello se han puesto en marcha acciones de gobierno para depurar el sistema de procuraci\u00f3n de justicia, brindar mejor capacitaci\u00f3n a nuestra polic\u00eda, mejor equipamiento y mejor tecnolog\u00eda, todo esto, sustentado en la observaci\u00f3n del Estado de Derecho.<\/p>\n<p>\u201cEstamos avanzando con rumbo, y en ese actuar, reconocemos que es mejor prevenir que corregir, y que es preciso atender el problema de la inseguridad a trav\u00e9s de una cultura de prevenci\u00f3n, que nos permita erradicarla de ra\u00edz\u201d, apunt\u00f3.<\/p>\n<p>En su intervenci\u00f3n, el subsecretario de Prevenci\u00f3n y Participaci\u00f3n Ciudadana de la Secretar\u00eda de Gobernaci\u00f3n federal, Roberto Campa Cifri\u00e1n, dio a conocer los pormenores del Programa Nacional de Prevenci\u00f3n del Delito, donde resalt\u00f3 que la soluci\u00f3n a la violencia est\u00e1 por un lado, en la atenci\u00f3n de asuntos que tienen que ver con el derecho, la ley, justicia, polic\u00edas, ministerios, fuerzas del orden, c\u00e1rceles, pero que tambi\u00e9n tiene un componente de \u00edndole social.<\/p>\n<p>Se\u00f1al\u00f3 que la primera acci\u00f3n de este Programa nacional, es revisar las condiciones delictivas y sociales en que viven las comunidades y entidades, por lo que present\u00f3 un diagn\u00f3stico situacional de la entidad y sus regiones m\u00e1s vulnerables y a la vez, solicit\u00f3 a los ahora integrantes de esta Comisi\u00f3n Interinstitucional, tambi\u00e9n compuesta por miembros de la sociedad civil, el que corroboren esa informaci\u00f3n para juntos, posteriormente, integrar acciones focalizadas preventivas que hagan frente a la violencia y el delito.<\/p>\n<p>Record\u00f3 que el presupuesto aprobado por el Poder Legislativo federal para este a\u00f1o en materia de prevenci\u00f3n, asciende a los 118 mil millones de pesos, de los que 115 mil millones se aplicar\u00e1n en acciones de prevenci\u00f3n y 2 mil 500 millones de pesos en un fondo adicional.<\/p>\n<p>El funcionario de la Segob expuso adem\u00e1s que este Programa no es exclusivo de la dependencia que representa, sino que implica el trabajo conjunto, permanente y coordinado de 9 secretar\u00edas de estado, entre las que se encuentran la Secretar\u00eda de Educaci\u00f3n P\u00fablica, Secretar\u00eda de Salud, de Desarrollo Social y de Desarrollo agrario, Territorial y Urbano; Secretar\u00eda de Econom\u00eda, del Trabajo y Previsi\u00f3n social, de Comunicaciones y Transportes, entre otras.<\/p>\n<p>Campa Cifri\u00e1n abund\u00f3 que se necesitan tiros de precisi\u00f3n, por ello en el Programa se han definido como puntos prioritarios para emprender las acciones y estrategias preventivas, 57 demarcaciones en el pa\u00eds, dos delegaciones del Distrito Federal, 7 zonas metropolitanas y 48 municipios.<\/p>\n<p>Mencion\u00f3 cuatro estrategias puntuales de este programa: Prevenci\u00f3n en el entorno familiar, Prevenci\u00f3n en el entorno escolar, Programa de combate a adicciones a partir de la salud p\u00fablica, y como cuarta, una estrategia para identificar oportunamente problemas de aprendizaje en los ni\u00f1os para a su vez, evitar la deserci\u00f3n escolar.<\/p>\n<p>\u201cTenemos una gran confianza y le pido que exprese al gobernador Fausto Vallejo, que vamos a dar buenos resultados, mucho mejores resultados que lo que en principio pudiera esperarse, porque en Michoac\u00e1n tenemos un enorme capital social, una sociedad decidida a que las cosas mejoren, recuperar la paz, tranquilidad, armon\u00eda, a partir de este esquema que nos queda claro que es responsabilidad de todos\u201d, concluy\u00f3.<\/p>\n<p>&nbsp;<\/p>\n","protected":false},"excerpt":{"rendered":"<p>En un hecho sin precedentes para nuestro estado y siendo Michoac\u00e1n junto con Morelos, las entidades en que este d\u00eda bajo un esquema de alta participaci\u00f3n social se puso en marcha el Programa Nacional de Prevenci\u00f3n del Delito, el subsecretario de Prevenci\u00f3n y Participaci\u00f3n Ciudadana de la Secretar\u00eda de Gobernaci\u00f3n federal, Roberto Campa Cifri\u00e1n instal\u00f3 la Comisi\u00f3n Interinstitucional para la Prevenci\u00f3n Social de la Violencia y la Delincuencia del estado.<\/p>\n","protected":false},"author":1,"featured_media":0,"comment_status":"open","ping_status":"open","sticky":false,"template":"","format":"standard","meta":{"footnotes":""},"categories":[14,3],"tags":[],"class_list":["post-1834","post","type-post","status-publish","format-standard","hentry","category-destacadas","category-gobierno-del-estado-de-michoacan"],"_links":{"self":[{"href":"https:\/\/radiowebmx.com\/nota\/wp-json\/wp\/v2\/posts\/1834","targetHints":{"allow":["GET"]}}],"collection":[{"href":"https:\/\/radiowebmx.com\/nota\/wp-json\/wp\/v2\/posts"}],"about":[{"href":"https:\/\/radiowebmx.com\/nota\/wp-json\/wp\/v2\/types\/post"}],"author":[{"embeddable":true,"href":"https:\/\/radiowebmx.com\/nota\/wp-json\/wp\/v2\/users\/1"}],"replies":[{"embeddable":true,"href":"https:\/\/radiowebmx.com\/nota\/wp-json\/wp\/v2\/comments?post=1834"}],"version-history":[{"count":2,"href":"https:\/\/radiowebmx.com\/nota\/wp-json\/wp\/v2\/posts\/1834\/revisions"}],"predecessor-version":[{"id":1838,"href":"https:\/\/radiowebmx.com\/nota\/wp-json\/wp\/v2\/posts\/1834\/revisions\/1838"}],"wp:attachment":[{"href":"https:\/\/radiowebmx.com\/nota\/wp-json\/wp\/v2\/media?parent=1834"}],"wp:term":[{"taxonomy":"category","embeddable":true,"href":"https:\/\/radiowebmx.com\/nota\/wp-json\/wp\/v2\/categories?post=1834"},{"taxonomy":"post_tag","embeddable":true,"href":"https:\/\/radiowebmx.com\/nota\/wp-json\/wp\/v2\/tags?post=1834"}],"curies":[{"name":"wp","href":"https:\/\/api.w.org\/{rel}","templated":true}]}}