{"id":1829,"date":"2013-03-15T08:12:42","date_gmt":"2013-03-15T14:12:42","guid":{"rendered":"https:\/\/radiowebmx.com\/nota\/?p=1829"},"modified":"2013-03-15T08:12:42","modified_gmt":"2013-03-15T14:12:42","slug":"la-diputada-maria-eugenia-mendez-hace-un-llamado-a-impulsar-igualdad-entre-hombres-y-mujeres","status":"publish","type":"post","link":"https:\/\/radiowebmx.com\/nota\/la-diputada-maria-eugenia-mendez-hace-un-llamado-a-impulsar-igualdad-entre-hombres-y-mujeres\/","title":{"rendered":"La diputada Mar\u00eda Eugenia M\u00e9ndez hace un llamado a impulsar igualdad entre hombres y mujeres"},"content":{"rendered":"<p><a href=\"https:\/\/radiowebmx.com\/nota\/wp-content\/uploads\/2013\/03\/Dip.-Kena-M\u00e9ndez.jpg\"><img loading=\"lazy\" decoding=\"async\" class=\"alignleft size-full wp-image-1830\" title=\"Dip. Kena M\u00e9ndez\" src=\"https:\/\/radiowebmx.com\/nota\/wp-content\/uploads\/2013\/03\/Dip.-Kena-M\u00e9ndez.jpg\" alt=\"\" width=\"591\" height=\"288\" \/><\/a>\u201cEste d\u00eda es sin duda la mejor ocasi\u00f3n para reivindicar la naturaleza humana que nos es com\u00fan a todos, el respeto a nuestra dignidad como hombres y mujeres por igual y a las diferencias propias de la pluralidad que derivan exclusivamente de la libre determinaci\u00f3n y no de los roles asignados\u201d, as\u00ed lo se\u00f1al\u00f3 la diputada Mar\u00eda Eugenia M\u00e9ndez D\u00e1valos en Tribuna, como posicionamiento referente al D\u00eda Internacional de la Mujer.<\/p>\n<p>La legisladora del blanquiazul, explic\u00f3 que m\u00e1s que hablar de las condiciones de las mujeres, es una forma sana de generar conciencia en la sociedad respecto a las dificultades que se han enfrentado y resistido en los distintos \u00e1mbitos sociales a lo largo de la historia.<\/p>\n<p>M\u00e9ndez D\u00e1valos, resalt\u00f3 que el D\u00eda Internacional de la Mujer presenta la oportunidad de recordar que las posibilidades de desarrollo personal, familiar y profesional, as\u00ed como la expectativa que se tiene de una mujer en su entorno actualmente, reflejan fielmente el \u00a0grado de civilizaci\u00f3n y madurez que tenemos como sociedad.<\/p>\n<p>Por ello, \u201choy quisiera celebrar el despertar tan significativo de las mujeres y su participaci\u00f3n en la transformaci\u00f3n social que hoy persiste y es cada vez m\u00e1s profunda y din\u00e1mica, reconociendo el esfuerzo que tanto hombres como mujeres han dado en todos los terrenos a fin rebasar la discriminaci\u00f3n, la marginaci\u00f3n y la subordinaci\u00f3n frente al Estado, la sociedad y la familia\u201d, resalt\u00f3 la legisladora del blanquiazul, en sesi\u00f3n ordinaria.<\/p>\n<p>La representante popular por el distrito VI de Zamora, recalc\u00f3 que este d\u00eda debe celebrase como una oportunidad de reflexi\u00f3n sobre la situaci\u00f3n que vive la mujer en el \u00e1mbito familiar, sea como esposa, madre, hija o hermana, en el \u00e1mbito social como amiga o novia, en el \u00e1mbito laboral como jefa o subordinada, y particularmente en el \u00e1mbito cultural donde el rol de g\u00e9nero poco a poco va despoj\u00e1ndose de las cargas que por siglos se han padecido.<\/p>\n<p>Durante su participaci\u00f3n ante el Pleno del Poder Legislativo, Mar\u00eda Eugenia M\u00e9ndez reconoci\u00f3 a todas y cada una de las mujeres que enfrentan con tenacidad, valent\u00eda y liderazgo las condiciones adversas en su labor cotidiana, a las amas de casa, a las j\u00f3venes estudiantes, a quienes se incorporan al mercado laboral y a quienes ya han alcanzado altas responsabilidades en empresas privadas o en la funci\u00f3n p\u00fablica, as\u00ed como a sus compa\u00f1eras diputadas Gaby, Laura, Ligia, Rosita, Daniela, Cristina, Selene y Silvia. As\u00ed mismo, a los hombres que est\u00e1n convencidos del trato digno que corresponde a todo ser humano, que simplemente saben que su condici\u00f3n de hombre no se disminuida por el respeto que se debe a toda mujer.<\/p>\n<p>Finalmente, hizo un llamado a los legisladores presentes, a comprometerse y hacer posible el pleno desarrollo de mujeres y hombres en Michoac\u00e1n; \u201cplantearnos como objetivo lograr mejores condiciones para la vida pol\u00edtica, econ\u00f3mica, social y cultural de todas y todos los michoacanos, con acciones afirmativas que traten de restablecer el equilibrio social en base al derecho natural\u201d, concluy\u00f3.<\/p>\n<div><\/div>\n","protected":false},"excerpt":{"rendered":"<p>\u201cEste d\u00eda es sin duda la mejor ocasi\u00f3n para reivindicar la naturaleza humana que nos es com\u00fan a todos, el respeto a nuestra dignidad como hombres y mujeres por igual y a las diferencias propias de la pluralidad que derivan exclusivamente de la libre determinaci\u00f3n y no de los roles asignados\u201d, as\u00ed lo se\u00f1al\u00f3 la diputada Mar\u00eda Eugenia M\u00e9ndez D\u00e1valos en Tribuna, como posicionamiento referente al D\u00eda Internacional de la Mujer.<\/p>\n","protected":false},"author":1,"featured_media":0,"comment_status":"open","ping_status":"open","sticky":false,"template":"","format":"standard","meta":{"footnotes":""},"categories":[6,14],"tags":[],"class_list":["post-1829","post","type-post","status-publish","format-standard","hentry","category-congreso-del-estado","category-destacadas"],"_links":{"self":[{"href":"https:\/\/radiowebmx.com\/nota\/wp-json\/wp\/v2\/posts\/1829","targetHints":{"allow":["GET"]}}],"collection":[{"href":"https:\/\/radiowebmx.com\/nota\/wp-json\/wp\/v2\/posts"}],"about":[{"href":"https:\/\/radiowebmx.com\/nota\/wp-json\/wp\/v2\/types\/post"}],"author":[{"embeddable":true,"href":"https:\/\/radiowebmx.com\/nota\/wp-json\/wp\/v2\/users\/1"}],"replies":[{"embeddable":true,"href":"https:\/\/radiowebmx.com\/nota\/wp-json\/wp\/v2\/comments?post=1829"}],"version-history":[{"count":1,"href":"https:\/\/radiowebmx.com\/nota\/wp-json\/wp\/v2\/posts\/1829\/revisions"}],"predecessor-version":[{"id":1831,"href":"https:\/\/radiowebmx.com\/nota\/wp-json\/wp\/v2\/posts\/1829\/revisions\/1831"}],"wp:attachment":[{"href":"https:\/\/radiowebmx.com\/nota\/wp-json\/wp\/v2\/media?parent=1829"}],"wp:term":[{"taxonomy":"category","embeddable":true,"href":"https:\/\/radiowebmx.com\/nota\/wp-json\/wp\/v2\/categories?post=1829"},{"taxonomy":"post_tag","embeddable":true,"href":"https:\/\/radiowebmx.com\/nota\/wp-json\/wp\/v2\/tags?post=1829"}],"curies":[{"name":"wp","href":"https:\/\/api.w.org\/{rel}","templated":true}]}}