{"id":18277,"date":"2015-09-29T11:27:23","date_gmt":"2015-09-29T16:27:23","guid":{"rendered":"https:\/\/radiowebmx.com\/nota\/?p=18277"},"modified":"2015-09-29T11:27:23","modified_gmt":"2015-09-29T16:27:23","slug":"inaugura-gobernador-dormitorios-para-el-cuerpo-de-ayudantia%e2%80%8f","status":"publish","type":"post","link":"https:\/\/radiowebmx.com\/nota\/inaugura-gobernador-dormitorios-para-el-cuerpo-de-ayudantia%e2%80%8f\/","title":{"rendered":"Inaugura gobernador dormitorios para el cuerpo de Ayudant\u00eda\u200f"},"content":{"rendered":"<p>El gobernador del estado de Michoac\u00e1n, Salvador Jara Guerrero, inaugur\u00f3 este lunes las nuevas instalaciones de dormitorios del cuerpo de Ayudant\u00eda en Casa de Gobierno, por lo que ahora el equipo de seguridad al servicio de los mandatarios contar\u00e1 con espacios m\u00e1s dignos para sus horas de descanso.<\/p>\n<p>&nbsp;<\/p>\n<p>Acompa\u00f1ado de su esposa, Catherine Rose Ettinger Mc Enulty, el titular del Poder Ejecutivo en la entidad resalt\u00f3 que en todo momento se busc\u00f3 mejorar las condiciones de vida y de trabajo de quienes colaboran en las \u00e1reas de seguridad.<\/p>\n","protected":false},"excerpt":{"rendered":"<p>El gobernador del estado de Michoac\u00e1n, Salvador Jara Guerrero, inaugur\u00f3 este lunes las nuevas instalaciones de dormitorios del cuerpo de Ayudant\u00eda en Casa de Gobierno, por lo que ahora el equipo de seguridad al servicio de los mandatarios contar\u00e1 con espacios m\u00e1s dignos para sus horas de descanso.<\/p>\n","protected":false},"author":1,"featured_media":18278,"comment_status":"open","ping_status":"open","sticky":false,"template":"","format":"standard","meta":{"footnotes":""},"categories":[14,3],"tags":[],"class_list":["post-18277","post","type-post","status-publish","format-standard","has-post-thumbnail","hentry","category-destacadas","category-gobierno-del-estado-de-michoacan"],"_links":{"self":[{"href":"https:\/\/radiowebmx.com\/nota\/wp-json\/wp\/v2\/posts\/18277","targetHints":{"allow":["GET"]}}],"collection":[{"href":"https:\/\/radiowebmx.com\/nota\/wp-json\/wp\/v2\/posts"}],"about":[{"href":"https:\/\/radiowebmx.com\/nota\/wp-json\/wp\/v2\/types\/post"}],"author":[{"embeddable":true,"href":"https:\/\/radiowebmx.com\/nota\/wp-json\/wp\/v2\/users\/1"}],"replies":[{"embeddable":true,"href":"https:\/\/radiowebmx.com\/nota\/wp-json\/wp\/v2\/comments?post=18277"}],"version-history":[{"count":1,"href":"https:\/\/radiowebmx.com\/nota\/wp-json\/wp\/v2\/posts\/18277\/revisions"}],"predecessor-version":[{"id":18279,"href":"https:\/\/radiowebmx.com\/nota\/wp-json\/wp\/v2\/posts\/18277\/revisions\/18279"}],"wp:featuredmedia":[{"embeddable":true,"href":"https:\/\/radiowebmx.com\/nota\/wp-json\/wp\/v2\/media\/18278"}],"wp:attachment":[{"href":"https:\/\/radiowebmx.com\/nota\/wp-json\/wp\/v2\/media?parent=18277"}],"wp:term":[{"taxonomy":"category","embeddable":true,"href":"https:\/\/radiowebmx.com\/nota\/wp-json\/wp\/v2\/categories?post=18277"},{"taxonomy":"post_tag","embeddable":true,"href":"https:\/\/radiowebmx.com\/nota\/wp-json\/wp\/v2\/tags?post=18277"}],"curies":[{"name":"wp","href":"https:\/\/api.w.org\/{rel}","templated":true}]}}