{"id":1826,"date":"2013-03-15T08:09:24","date_gmt":"2013-03-15T14:09:24","guid":{"rendered":"https:\/\/radiowebmx.com\/nota\/?p=1826"},"modified":"2013-03-15T08:09:24","modified_gmt":"2013-03-15T14:09:24","slug":"las-21-personas-retenidas-en-la-ruana-fueron-entregadas-a-la-pgr","status":"publish","type":"post","link":"https:\/\/radiowebmx.com\/nota\/las-21-personas-retenidas-en-la-ruana-fueron-entregadas-a-la-pgr\/","title":{"rendered":"Las 21 personas retenidas en \u201cLa Ruana\u201d, fueron entregadas a la PGR"},"content":{"rendered":"<p><a href=\"https:\/\/radiowebmx.com\/nota\/wp-content\/uploads\/2013\/03\/DSC_0082.jpg\"><img loading=\"lazy\" decoding=\"async\" class=\"alignleft  wp-image-1827\" title=\"DSC_0082\" src=\"https:\/\/radiowebmx.com\/nota\/wp-content\/uploads\/2013\/03\/DSC_0082.jpg\" alt=\"\" width=\"355\" height=\"269\" \/><\/a>Como lo anunci\u00f3 este medio d\u00eda el secretario de Gobierno de Michoac\u00e1n, J. Jes\u00fas Reyna Garc\u00eda, en una estrecha coordinaci\u00f3n con autoridades federales, la tarde de este jueves fueron entregadas a la Procuradur\u00eda General de la Rep\u00fablica, las 21 personas que se encontraban retenidas en esta comunidad por miembros de la poblaci\u00f3n.<\/p>\n<p>&nbsp;<\/p>\n<p>El director de Gobernaci\u00f3n de la entidad, Juan Carlos Becerra Beltr\u00e1n, quien ha estado durante varios d\u00edas manteniendo un di\u00e1logo constante con los habitantes de esta localidad, popularmente conocida como \u201cLa Ruana\u201d, fue el encargado de promover que las personas retenidas fueran entregadas de manera pac\u00edfica a los representantes del gobierno federal.<\/p>\n<p>&nbsp;<\/p>\n<p>20 varones y una mujer fueron recibidos por personal de la Procuradur\u00eda General de la Rep\u00fablica, instancia que se encargar\u00e1 de determinar si pueden ser acusados de alg\u00fan delito, as\u00ed como su situaci\u00f3n jur\u00eddica.<\/p>\n<p>&nbsp;<\/p>\n<p>El Agente del Ministerio P\u00fablico de la Federaci\u00f3n con base en Apatzing\u00e1n, se encarg\u00f3 de iniciar las actuaciones correspondientes, previa evaluaci\u00f3n m\u00e9dica de dichas personas para determinar el estado de salud en que se encuentran.<\/p>\n<p>&nbsp;<\/p>\n<p>Cabe recordar que este medio d\u00eda, en entrevista con medios de comunicaci\u00f3n y a pregunta expresa, el responsable de la pol\u00edtica interna del estado, anunci\u00f3 que de acuerdo con los avances registrados, se esperaba que la tarde de este 14 de marzo se realizara la acci\u00f3n descrita, tal como ocurri\u00f3.<\/p>\n<p>&nbsp;<\/p>\n<p align=\"center\">\n","protected":false},"excerpt":{"rendered":"<p>Como lo anunci\u00f3 este medio d\u00eda el secretario de Gobierno de Michoac\u00e1n, J. Jes\u00fas Reyna Garc\u00eda, en una estrecha coordinaci\u00f3n con autoridades federales, la tarde de este jueves fueron entregadas a la Procuradur\u00eda General de la Rep\u00fablica, las 21 personas que se encontraban retenidas en esta comunidad por miembros de la poblaci\u00f3n.<\/p>\n","protected":false},"author":1,"featured_media":0,"comment_status":"open","ping_status":"open","sticky":false,"template":"","format":"standard","meta":{"footnotes":""},"categories":[14,3],"tags":[],"class_list":["post-1826","post","type-post","status-publish","format-standard","hentry","category-destacadas","category-gobierno-del-estado-de-michoacan"],"_links":{"self":[{"href":"https:\/\/radiowebmx.com\/nota\/wp-json\/wp\/v2\/posts\/1826","targetHints":{"allow":["GET"]}}],"collection":[{"href":"https:\/\/radiowebmx.com\/nota\/wp-json\/wp\/v2\/posts"}],"about":[{"href":"https:\/\/radiowebmx.com\/nota\/wp-json\/wp\/v2\/types\/post"}],"author":[{"embeddable":true,"href":"https:\/\/radiowebmx.com\/nota\/wp-json\/wp\/v2\/users\/1"}],"replies":[{"embeddable":true,"href":"https:\/\/radiowebmx.com\/nota\/wp-json\/wp\/v2\/comments?post=1826"}],"version-history":[{"count":1,"href":"https:\/\/radiowebmx.com\/nota\/wp-json\/wp\/v2\/posts\/1826\/revisions"}],"predecessor-version":[{"id":1828,"href":"https:\/\/radiowebmx.com\/nota\/wp-json\/wp\/v2\/posts\/1826\/revisions\/1828"}],"wp:attachment":[{"href":"https:\/\/radiowebmx.com\/nota\/wp-json\/wp\/v2\/media?parent=1826"}],"wp:term":[{"taxonomy":"category","embeddable":true,"href":"https:\/\/radiowebmx.com\/nota\/wp-json\/wp\/v2\/categories?post=1826"},{"taxonomy":"post_tag","embeddable":true,"href":"https:\/\/radiowebmx.com\/nota\/wp-json\/wp\/v2\/tags?post=1826"}],"curies":[{"name":"wp","href":"https:\/\/api.w.org\/{rel}","templated":true}]}}