{"id":18243,"date":"2015-09-28T12:02:57","date_gmt":"2015-09-28T17:02:57","guid":{"rendered":"https:\/\/radiowebmx.com\/nota\/?p=18243"},"modified":"2015-09-28T12:02:57","modified_gmt":"2015-09-28T17:02:57","slug":"debemos-seguir-presionando-para-que-haya-justicia-social-efectiva-brenda-fraga-gutierrez","status":"publish","type":"post","link":"https:\/\/radiowebmx.com\/nota\/debemos-seguir-presionando-para-que-haya-justicia-social-efectiva-brenda-fraga-gutierrez\/","title":{"rendered":"DEBEMOS SEGUIR PRESIONANDO PARA QUE HAYA JUSTICIA SOCIAL EFECTIVA: BRENDA FRAGA GUTI\u00c9RREZ."},"content":{"rendered":"<p>La Diputada por el Partido del Trabajo, Brenda Fabiola Fraga Guti\u00e9rrez particip\u00f3 en un evento cultural en el centro de esta ciudad, mismo que fue organizado como protesta por la a\u00fan desaparici\u00f3n de 43 estudiantes normalistas de la Escuela Normal Rural \u201cIsidro Burgos\u201d, caso que a\u00fan se encuentra sin resolver.<\/p>\n<p>El evento se conform\u00f3 de la presentaci\u00f3n de varios n\u00fameros art\u00edsticos de danza, cultura, pintura, escultura y artesan\u00edas que culmin\u00f3 con un mensaje emitido por Gerardo Fern\u00e1ndez Noro\u00f1a y que intent\u00f3 crear conciencia sobre el sistema pol\u00edtico \u201cpodrido\u201d que maneja al pa\u00eds.<\/p>\n<p>Brenda Fabiola Fraga extern\u00f3 adem\u00e1s su completa solidaridad con los padres de estos estudiantes que han sido informados a trav\u00e9s de este a\u00f1o con datos fantasiosos y que ha quedado demostrado que han sido una invenci\u00f3n de parte de las autoridades judiciales, lo que ha incrementado a\u00fan m\u00e1s la desconfianza en sus investigaciones.<\/p>\n<p>Coincidimos plenamente con nuestro dirigente estatal, Reginaldo Sandoval Flores, en que no debe haber paz si no hay justicia, pues se trata de un crimen de lesa humanidad que ha destapado una red de encubrimiento que fomenta la impunidad en las altas esferas del poder del sistema pol\u00edtico mexicano.<\/p>\n<p>La diputada petista tambi\u00e9n expres\u00f3 que estas familias tienen todo el derecho a saber qu\u00e9 pas\u00f3 con sus hijos, sobrinos, padres ese fat\u00eddico 26 de septiembre y es lo que menos han podido responder quienes est\u00e1n llevando a cabo las investigaciones, jugando con los sentimientos y esperanzas de esta gente.<\/p>\n<p>\u201cNosotros en la diputaci\u00f3n del Partido del Trabajo, siempre nos manifestaremos a favor de la justicia social, no nada m\u00e1s para estos 43 j\u00f3venes estudiantes sino para todos aqu\u00e9llos que han sido desaparecidos forzosamente, asesinados, vejados y a quienes se les violen sus derechos amparados en la Carta Magna\u201d.<\/p>\n<p>La diputada Brenda Fraga finaliz\u00f3 externando que este lamentable hecho ha colocado a nuestro pa\u00eds en las cr\u00edticas de todo el mundo y es vergonzoso que movimiento sociales, j\u00f3venes y hasta diplom\u00e1ticos de otras latitudes de la Tierra exijan la aparici\u00f3n de estos j\u00f3venes mientras en M\u00e9xico pretendan aletargarnos para enga\u00f1arnos y que nos callemos, \u201cy yo invito a la ciudadan\u00eda a romper ese silencio y a seguir presionando para que haya justicia efectiva\u201d.<\/p>\n<p align=\"center\"><b>\u00a0<\/b><\/p>\n","protected":false},"excerpt":{"rendered":"<p>La Diputada por el Partido del Trabajo, Brenda Fabiola Fraga Guti\u00e9rrez particip\u00f3 en un evento cultural en el centro de esta ciudad, mismo que fue organizado como protesta por la a\u00fan desaparici\u00f3n de 43 estudiantes normalistas de la Escuela Normal Rural \u201cIsidro Burgos\u201d,<\/p>\n","protected":false},"author":1,"featured_media":18244,"comment_status":"open","ping_status":"open","sticky":false,"template":"","format":"standard","meta":{"footnotes":""},"categories":[14,11],"tags":[],"class_list":["post-18243","post","type-post","status-publish","format-standard","has-post-thumbnail","hentry","category-destacadas","category-partidos-politicos"],"_links":{"self":[{"href":"https:\/\/radiowebmx.com\/nota\/wp-json\/wp\/v2\/posts\/18243","targetHints":{"allow":["GET"]}}],"collection":[{"href":"https:\/\/radiowebmx.com\/nota\/wp-json\/wp\/v2\/posts"}],"about":[{"href":"https:\/\/radiowebmx.com\/nota\/wp-json\/wp\/v2\/types\/post"}],"author":[{"embeddable":true,"href":"https:\/\/radiowebmx.com\/nota\/wp-json\/wp\/v2\/users\/1"}],"replies":[{"embeddable":true,"href":"https:\/\/radiowebmx.com\/nota\/wp-json\/wp\/v2\/comments?post=18243"}],"version-history":[{"count":1,"href":"https:\/\/radiowebmx.com\/nota\/wp-json\/wp\/v2\/posts\/18243\/revisions"}],"predecessor-version":[{"id":18245,"href":"https:\/\/radiowebmx.com\/nota\/wp-json\/wp\/v2\/posts\/18243\/revisions\/18245"}],"wp:featuredmedia":[{"embeddable":true,"href":"https:\/\/radiowebmx.com\/nota\/wp-json\/wp\/v2\/media\/18244"}],"wp:attachment":[{"href":"https:\/\/radiowebmx.com\/nota\/wp-json\/wp\/v2\/media?parent=18243"}],"wp:term":[{"taxonomy":"category","embeddable":true,"href":"https:\/\/radiowebmx.com\/nota\/wp-json\/wp\/v2\/categories?post=18243"},{"taxonomy":"post_tag","embeddable":true,"href":"https:\/\/radiowebmx.com\/nota\/wp-json\/wp\/v2\/tags?post=18243"}],"curies":[{"name":"wp","href":"https:\/\/api.w.org\/{rel}","templated":true}]}}