{"id":18239,"date":"2015-09-28T11:51:50","date_gmt":"2015-09-28T16:51:50","guid":{"rendered":"https:\/\/radiowebmx.com\/nota\/?p=18239"},"modified":"2015-09-28T11:51:50","modified_gmt":"2015-09-28T16:51:50","slug":"revisa-ayuntamiento-de-morelia-estrategia-de-seguridad","status":"publish","type":"post","link":"https:\/\/radiowebmx.com\/nota\/revisa-ayuntamiento-de-morelia-estrategia-de-seguridad\/","title":{"rendered":"Revisa Ayuntamiento de Morelia estrategia de seguridad"},"content":{"rendered":"<p>El Ayuntamiento de Morelia que \u00a0encabeza el Alcalde, Alfonso Mart\u00ednez Alc\u00e1zar, revisa la estrategia de seguridad y sostiene reuniones con autoridades de primer nivel para fortalecer los lazos de coordinaci\u00f3n entre los tres niveles de Gobierno y as\u00ed garantizar el bienestar de la ciudadan\u00eda y mejorar la capacidad de acci\u00f3n del municipio.<\/p>\n<p>El alcalde reafirm\u00f3 que en el proyecto del primer Gobierno Independiente de Morelia, el tema de la seguridad es prioritario y por ello se buscar\u00e1n los acercamientos necesarios con el Gobierno Federal, as\u00ed como tambi\u00e9n con el Gobierno del Estado, para que la capital tenga una corporaci\u00f3n adecuada a las necesidades de la ciudadan\u00eda<\/p>\n<p>En este sentido, detall\u00f3 que la continuidad del Mando Unificado ser\u00e1 revisada con las instancias de Gobierno involucradas, con el prop\u00f3sito de que el municipio recupere la rector\u00eda de la seguridad en la capital y los v\u00ednculos de coordinaci\u00f3n queden definidos.<\/p>\n<p>Reconoci\u00f3 que la situaci\u00f3n de inseguridad que se vive es consecuencia de la inercia que durante a\u00f1os ha permeado en Morelia y los alcances que hasta el momento ha tenido el municipio para salvaguardar la integridad de la ciudadan\u00eda.<\/p>\n<p>Alfonso Mart\u00ednez destac\u00f3 que el encuentro que sostuvo en d\u00edas pasados con el Comisionado Nacional de Seguridad, Renato Sales, va encaminada a incentivar los programas de prevenci\u00f3n y fortalecer la Polic\u00eda Municipal.<br \/>\nIndic\u00f3 que la tranquilidad de la ciudadan\u00eda es algo impostergable para la Administraci\u00f3n que preside y por ello trabajar\u00e1 coordinadamente en los ajustes que sean necesarios para que Morelia tenga una Polic\u00eda Municipal adecuada al contexto social.<\/p>\n<p>Otro de los temas tratados durante la intensa gira de trabajo que realiz\u00f3 en la capital del pa\u00eds, fue la reuni\u00f3n que sostuvo el alcalde con autoridades de Conagua, en la cual se analizaron diversos proyectos para mejorar el servicio de agua potable en Morelia.<\/p>\n","protected":false},"excerpt":{"rendered":"<p>El Ayuntamiento de Morelia que  encabeza el Alcalde, AMA, revisa la estrategia de seguridad y sostiene reuniones con autoridades de primer nivel para fortalecer los lazos de coordinaci\u00f3n entre los tres niveles de Gobierno y as\u00ed garantizar el bienestar de la ciudadan\u00eda y mejorar la capacidad de acci\u00f3n del municipio.<\/p>\n","protected":false},"author":1,"featured_media":18240,"comment_status":"open","ping_status":"open","sticky":false,"template":"","format":"standard","meta":{"footnotes":""},"categories":[14,9],"tags":[],"class_list":["post-18239","post","type-post","status-publish","format-standard","has-post-thumbnail","hentry","category-destacadas","category-morelia"],"_links":{"self":[{"href":"https:\/\/radiowebmx.com\/nota\/wp-json\/wp\/v2\/posts\/18239","targetHints":{"allow":["GET"]}}],"collection":[{"href":"https:\/\/radiowebmx.com\/nota\/wp-json\/wp\/v2\/posts"}],"about":[{"href":"https:\/\/radiowebmx.com\/nota\/wp-json\/wp\/v2\/types\/post"}],"author":[{"embeddable":true,"href":"https:\/\/radiowebmx.com\/nota\/wp-json\/wp\/v2\/users\/1"}],"replies":[{"embeddable":true,"href":"https:\/\/radiowebmx.com\/nota\/wp-json\/wp\/v2\/comments?post=18239"}],"version-history":[{"count":2,"href":"https:\/\/radiowebmx.com\/nota\/wp-json\/wp\/v2\/posts\/18239\/revisions"}],"predecessor-version":[{"id":18242,"href":"https:\/\/radiowebmx.com\/nota\/wp-json\/wp\/v2\/posts\/18239\/revisions\/18242"}],"wp:featuredmedia":[{"embeddable":true,"href":"https:\/\/radiowebmx.com\/nota\/wp-json\/wp\/v2\/media\/18240"}],"wp:attachment":[{"href":"https:\/\/radiowebmx.com\/nota\/wp-json\/wp\/v2\/media?parent=18239"}],"wp:term":[{"taxonomy":"category","embeddable":true,"href":"https:\/\/radiowebmx.com\/nota\/wp-json\/wp\/v2\/categories?post=18239"},{"taxonomy":"post_tag","embeddable":true,"href":"https:\/\/radiowebmx.com\/nota\/wp-json\/wp\/v2\/tags?post=18239"}],"curies":[{"name":"wp","href":"https:\/\/api.w.org\/{rel}","templated":true}]}}