{"id":18237,"date":"2015-09-28T11:16:56","date_gmt":"2015-09-28T16:16:56","guid":{"rendered":"https:\/\/radiowebmx.com\/nota\/?p=18237"},"modified":"2015-09-28T11:16:56","modified_gmt":"2015-09-28T16:16:56","slug":"temas-de-cafe-375","status":"publish","type":"post","link":"https:\/\/radiowebmx.com\/nota\/temas-de-cafe-375\/","title":{"rendered":"TEMAS DE CAF\u00c9"},"content":{"rendered":"<ul>\n<li><a href=\"https:\/\/radiowebmx.com\/nota\/wp-content\/uploads\/2013\/06\/temas-de-cafe.jpg\"><img loading=\"lazy\" decoding=\"async\" class=\"alignleft size-full wp-image-2805\" alt=\"temas de cafe\" src=\"https:\/\/radiowebmx.com\/nota\/wp-content\/uploads\/2013\/06\/temas-de-cafe.jpg\" width=\"295\" height=\"171\" \/><\/a>COINCIDEN PE\u00d1A Y SILVANO<\/li>\n<li>MINTIO FRANCISCO MEDINA<\/li>\n<li>BUSCAN UN INDEPENDIENTE<\/li>\n<li>LA OPINION CUMPLIO 47 A\u00d1OS<\/li>\n<\/ul>\n<p>La planta geot\u00e9rmica de Los Azufres produce energ\u00eda el\u00e9ctrica, para Michoac\u00e1n y Guanajuato en forma directa, y aporta el 10 por ciento de la energ\u00eda geot\u00e9rmica a todo el pa\u00eds, ah\u00ed en ese complejo que naci\u00f3 en abril de 1982, con cinco generadores de cinco megawatts, posteriormente ante el rico potencial, \u00a0en 1989 entr\u00f3 en funciones un generador de 50 megawatts, m\u00e1s tarde\u00a0 en el a\u00f1o 2003 entr\u00f3 en funciones otro generador de 25 megawattts, y el viernes pasado presidente de M\u00e9xico, Enrique Pe\u00f1a Nieto puso en marcha el generador Azufres III, fase A de 50 magawatts por lo que los Azufres se convierte, en la segunda planta geot\u00e9rmica que genera energ\u00eda el\u00e9ctrica limpia para el pa\u00eds, y ah\u00ed en ese marco que la naturaleza ofrece a la humanidad, el presidente Enrique Pe\u00f1a Nieto ratific\u00f3 su compromiso con Michoac\u00e1n, ante la presencia del gobernador electo Silvano Aureoles, miembros de su gabinete y Salvador Jara gobernador del estado.<\/p>\n<p>EPN: UN FRENTE COMUN. SILVANO ATENCION ESPECIAL<\/p>\n<p>Antes debemos tratar de explicar el por qu\u00e9, se dio esta coincidencia entre el presidente de M\u00e9xico y el gobernador electo, Silvano Aureoles\u00a0 resulta que el mismo d\u00eda se dio a conocer, el finiquito de la Comisi\u00f3n para la Seguridad y el Desarrollo Econ\u00f3mico de Michoac\u00e1n, la cual naci\u00f3 por la petici\u00f3n del entonces gobernador del estado Fausto Vallejo, a Pe\u00f1a Nieto para que ayudara con la situaci\u00f3n de inseguridad, que prevalec\u00eda en ese momento, as\u00ed nace esa comisi\u00f3n que ya expir\u00f3.<\/p>\n<p>Esa Comisi\u00f3n usted recuerda la presidi\u00f3 Alfredo Castillo, quien vino e hizo una aut\u00e9ntica revoluci\u00f3n administrativa, cambi\u00f3 delegados federales,\u00a0 funcionarios estatales y hasta al gobernador del estado, es decir todo con la esperanza de poner orden, pacificar al estado y sentar las bases para el desarrollo econ\u00f3mico, vino Pe\u00f1a Nieto y prometi\u00f3 45 mil millones despu\u00e9s agregaron unos 2 mil 500, nunca se vieron y Castillo se fue y las 250 obras no se cumplieron en su totalidad, as\u00ed se tuvo que ir Castillo y la comisi\u00f3n qued\u00f3 al garete y hasta ahora se dio por terminada.<\/p>\n<p>LA FEDERACION NO SE PUEDE IR DE MICHOACAN<\/p>\n<p>Claro que no, la Federaci\u00f3n no se puede ir porque est\u00e1 metida en todo, imagine el 95 por ciento del presupuesto de egresos, en el estado proviene de la Federaci\u00f3n, o sea que en todo est\u00e1 presente por eso Silvano\u00a0 ha dicho, que habr\u00e1 coordinaci\u00f3n no sumisi\u00f3n\u00a0 con la Federaci\u00f3n, y nos parece bien porque no se puede pelear, ni siquiera mantener una discreta distancia, por lo cual desde luego habr\u00e1 coordinaci\u00f3n, y eso implica que supervisen muchas de las acciones que realiza el Estado.<\/p>\n<p>As\u00ed Pe\u00f1a Nieto propuso crear un Frente\u00a0 Com\u00fan, para atender los retos y desaf\u00edos que tiene Michoac\u00e1n, ratificando su apoyo al estado mientras que <span style=\"text-decoration: underline;\">S<\/span>ilvano, propuso a su vez un convenio para la atenci\u00f3n especial de Michoac\u00e1n, o sea en el fondo buscan lo mismo que la Federaci\u00f3n, y esto significa apoyo econ\u00f3mico, de seguridad y vamos en todos los sentidos, sin que ello signifique un atentado a la dignidad de los michoacanos, porque en estos momentos que vive el estado, es lo m\u00e1s conveniente e inteligente.<\/p>\n<p>PACO MEDINA LE MINTI\u00d3 AL PRESIDENTE<\/p>\n<p>En esa misma ceremonia hicieron uso de la palabra, Salvador Jara quien dijo c\u00f3mo entregaba el estado a Silvano, afirm\u00f3 la transici\u00f3n ser\u00eda tersa, sin problema alguno mientras que Francisco Medina Ch\u00e1vez, uno de los empresarios m\u00e1s poderosos del estado, dijo que Michoac\u00e1n casi era la sucursal del para\u00edso, producto de la Comisi\u00f3n de Seguridad, pero a\u00fan no estaba listo para caminar solo ni lo estar\u00e1 nunca.<\/p>\n<p>Minti\u00f3 Francisco Medina dijo que Michoac\u00e1n ya estaba bien, seguro ahora si afirm\u00f3 se puede invitar a los amigos y familiares, para que vengan a visitarnos porque ya se puede transitar, seguro por las calles de Morelia y del Estado, y comentamos nosotros seguro de que lo asaltan, \u00a0y es que don Francisco ni si siquiera vive en Morelia, ni en el estado ni su\u00a0 familia, \u00bfentonces c\u00f3mo puede\u00a0 hablar a nombre de los michoacanos?, si de verdad quiere ayudar a Michoac\u00e1n, se debe hablar con la verdad, nos falta mucho para ser un estado seguro. Por eso necesitamos un convenio o un acuerdo con la Federaci\u00f3n.<\/p>\n<p>LA OPINION DE MICHOACAN CUMPLE 47 A\u00d1OS<\/p>\n<p>El viernes pasado estuvimos de manteles largos, la Opini\u00f3n de Michoac\u00e1n reflejo de las ideas del pueblo, seg\u00fan rezaba su primer slogan, cumpli\u00f3 47 a\u00f1os de vida y vaya que ha respondido, a los anhelos de don Carlos Andrade Rinc\u00f3n, quien cre\u00f3 este diario, el primero de septiembre de 1968 y sus primeros ejemplares, se los hicieron en los talleres del diario Noticias, de Humberto Hern\u00e1ndez Pimental con quien se dijeron Hermanos, junto con Rodolfo Ram\u00edrez, obviamente en esa hermandad entraba el compadre de don Carlos, el amigo y jefe Jaime M\u00e1rquez Roch\u00edn, quien gracias a Dios se mantiene firme como coordinador de las ediciones, de la Opini\u00f3n de Michoac\u00e1n y de la Opini\u00f3n de Apatzing\u00e1n.<\/p>\n<p>Por este fastuoso cumplea\u00f1os del viernes despu\u00e9s, de las 20 treinta horas se desarroll\u00f3 una cena de gala, a la cual asistieron representantes de la pol\u00edtica michoacana, con la representaci\u00f3n de Silvano Aureoles, asisti\u00f3 Julieta L\u00f3pez Bautista virtual coordinadora de comunicaci\u00f3n social, V\u00edctor Manr\u00edquez alcalde de Uruapan y varios de los municipios cercanos, as\u00ed como Raymundo Arreola presidente de la mesa directiva del Congreso.<\/p>\n<p>Uruapan es una ciudad industriosa donde don Carlos, cre\u00f3 el diario La Opini\u00f3n de Michoac\u00e1n, con el apoyo de varios personajes amigos, que dieron vida y mantuvieron el esp\u00edritu de don Carlos vivo, de informar con veracidad y en forma oportuna.<\/p>\n<p>Su partida dej\u00f3 dolor en los corazones de quienes lo estim\u00e1bamos, pero mantuvimos el esp\u00edritu original, apoyados por su esposa do\u00f1a Flor Imelda\u00a0 D\u00edaz Venera, quien a su vez\u00a0 tuvo el respaldo de sus hijas y de Carlos Andrade Jr as\u00ed llegamos a los 47y a\u00f1os, firmes y con ganas de seguir haciendo honor a las palabras de don Carlos, quien dec\u00eda reiteradamente: para atr\u00e1s ni para agarrar vuelo, todo hacia adelante. As\u00ed que refrendamos esa promesa de don Carlos, de seguir aportando lo necesario para que Michoac\u00e1n, cada d\u00eda sea m\u00e1s grande y mejor. Que as\u00ed sea.<\/p>\n<p>POLITICOS E INTELECTUALES, POR UN INDEPENDIENTE<\/p>\n<p>Ante la realidad que se vive en el pa\u00eds, pol\u00edticos e intelectuales analizan la situaci\u00f3n, y concluyen que ante \u00a0el declive de los partidos, ni el PRI, ni el PAN y el PRD con sus sat\u00e9lites, Verde, Alianza, y MC podr\u00e1n ganarle a Morena de Amlo, y est\u00e1n seguros que el Mes\u00edas Tropical es un peligro para M\u00e9xico y para Am\u00e9rica del Norte, por ello empezaron a reunirse para ver cuadros, que puedan enfrentar en el 18 a Amlo, hoy las encuestas serias lo ubican en las preferencias de los mexicanos.<\/p>\n<p>SALINAS, DIEGO, \u00a0JUAN RAMON, CASTA\u00d1EDA\u2026ETC<\/p>\n<p>Hasta ahora estas reuniones se han realizado en la casona de Diego Fern\u00e1ndez de Ceballos en la ciudad de M\u00e9xico, han asistido Salinas de Gortari, Juan Ram\u00f3n de la Fuente, Jorge Casta\u00f1eda, Fernando G\u00f3mez Mont, Angeles Mastreta, H\u00e9ctor Aguilar Campin,\u00a0 Federico Reyes Heroles y Pedro S\u00e1ez, parten del principio de que los partidos pol\u00edticos se encuentran en crisis, y aunque habr\u00e1 alianzas ante su profunda debilidad, ni as\u00ed se estima podr\u00e1n ganarle a Amlo, quien crecer\u00e1 proporcionalmente al declive de la presidencia de la Rep\u00fablica.<\/p>\n<p>COnsideranque el pRD est\u00e1deshecho,mel pSN cocfrontado ensus principale cuadros, y el pI nolodicenpero estamos seguros que analizan en base a loque sucdede hioyu al gobierneoqyheprteside POe\u00f1aNieto, inseguridam, ecinompia fr0agil, actyos posinle sfd ecorruci\u00f3n, Tlataya, Ayoztyinapa, Apatinzghpan en fin, unaludo deproblemas queo ha sdabiudo manejart la ptesiofemnciadela e\u00favloca,a aor locua la solucio\u00b4m consideran estyos perespnajes es buscar un buen candifdauo que\u00a0 vaya enbformainfde0denientem,apoyadono porparrtido ssino pso rlagente.<\/p>\n<p>JUANRAMONDELAFUERTE Y JORGE CASTA\u00d1EDA<\/p>\n<p>Porloprkntoienenel amaira a JuanRam\u00f3landela FVuente, solamenteque huele a ZXedillo, pero le ayuda haber saidounbuenrectrdfela UNAM, mientras que Jorge Castaleda usted lo conocetambaipoen, es un Enfant Terrible intyeligentye,m intyelectgtual, hast ahenialpero poesdadsocomo el plomo, pero ade,m\u00b4pa shuele a Gox, fu esusecrtetarioodeRelaciones Extteriores, puesyo alcualrenunci\u00f3cuando se lan zpzocomo vcandifrauop infeendiente patalaprtesifenciade M\u00b4pexicpo, as\u00b4piqu ele sehgeuirtemos comentyanod sosbre ed devbenior de estos \u00bfmexicanos preocupados por el pa\u00eds?.<\/p>\n<p>&nbsp;<\/p>\n","protected":false},"excerpt":{"rendered":"<p>\u2022\tCOINCIDEN PE\u00d1A Y SILVANO<br \/>\n\u2022\tMINTIO FRANCISCO MEDINA<br \/>\n\u2022\tBUSCAN UN INDEPENDIENTE<br \/>\n\u2022\tLA OPINION CUMPLIO 47 A\u00d1OS<\/p>\n","protected":false},"author":1,"featured_media":0,"comment_status":"open","ping_status":"open","sticky":false,"template":"","format":"standard","meta":{"footnotes":""},"categories":[4,14,10],"tags":[],"class_list":["post-18237","post","type-post","status-publish","format-standard","hentry","category-columnistas","category-destacadas","category-juan-manuel-belmonte"],"_links":{"self":[{"href":"https:\/\/radiowebmx.com\/nota\/wp-json\/wp\/v2\/posts\/18237","targetHints":{"allow":["GET"]}}],"collection":[{"href":"https:\/\/radiowebmx.com\/nota\/wp-json\/wp\/v2\/posts"}],"about":[{"href":"https:\/\/radiowebmx.com\/nota\/wp-json\/wp\/v2\/types\/post"}],"author":[{"embeddable":true,"href":"https:\/\/radiowebmx.com\/nota\/wp-json\/wp\/v2\/users\/1"}],"replies":[{"embeddable":true,"href":"https:\/\/radiowebmx.com\/nota\/wp-json\/wp\/v2\/comments?post=18237"}],"version-history":[{"count":1,"href":"https:\/\/radiowebmx.com\/nota\/wp-json\/wp\/v2\/posts\/18237\/revisions"}],"predecessor-version":[{"id":18238,"href":"https:\/\/radiowebmx.com\/nota\/wp-json\/wp\/v2\/posts\/18237\/revisions\/18238"}],"wp:attachment":[{"href":"https:\/\/radiowebmx.com\/nota\/wp-json\/wp\/v2\/media?parent=18237"}],"wp:term":[{"taxonomy":"category","embeddable":true,"href":"https:\/\/radiowebmx.com\/nota\/wp-json\/wp\/v2\/categories?post=18237"},{"taxonomy":"post_tag","embeddable":true,"href":"https:\/\/radiowebmx.com\/nota\/wp-json\/wp\/v2\/tags?post=18237"}],"curies":[{"name":"wp","href":"https:\/\/api.w.org\/{rel}","templated":true}]}}