{"id":18201,"date":"2015-09-24T13:52:05","date_gmt":"2015-09-24T18:52:05","guid":{"rendered":"https:\/\/radiowebmx.com\/nota\/?p=18201"},"modified":"2015-09-24T13:52:05","modified_gmt":"2015-09-24T18:52:05","slug":"detiene-pgje-a-cinco-personas-relacionadas-en-hechos-delictuosos","status":"publish","type":"post","link":"https:\/\/radiowebmx.com\/nota\/detiene-pgje-a-cinco-personas-relacionadas-en-hechos-delictuosos\/","title":{"rendered":"DETIENE PGJE A CINCO PERSONAS RELACIONADAS EN HECHOS DELICTUOSOS"},"content":{"rendered":"<p>La Procuradur\u00eda General de Justicia del Estado de Michoac\u00e1n, hace de su conocimiento que \u00a0como resultado de trabajos de investigaci\u00f3n e inteligencia realizados para desarticular los grupos delincuenciales que atentan contra la seguridad de las y los michoacanos, \u00a0fueron detenidos cinco presuntos integrantes de una c\u00e9lula criminal que operaba en la regi\u00f3n Oriente del estado.<\/p>\n<p>&nbsp;<\/p>\n<p>Durante las acciones llevadas a cabo por el personal de la Agencia de Investigaci\u00f3n y An\u00e1lisis, fueron detenidos Rogelio B., Edgar U.\u00a0 V\u00edctor E., Omar S. y Fidel M., a quienes les fueron aseguradas dos armas de fuego cortas de diferentes calibres, m\u00e1s de 100 cartuchos \u00fatiles y\u00a0 diversas cantidades de hierba verde con caracter\u00edsticas de la marihuana, as\u00ed como envoltorios con sustancia granulosa, al parecer metanfetamina.<\/p>\n<p>&nbsp;<\/p>\n<p>Con relaci\u00f3n a estas detenciones, la Fiscal\u00eda Regional con residencia en Zit\u00e1cuaro ha obtenido datos de prueba que permiten establecer la probable participaci\u00f3n de Rogelio B., en el homicidio de un empresario maderero ocurrido el pasado d\u00eda 15 de septiembre.<\/p>\n<p>&nbsp;<\/p>\n<p>De igual forma, existen elementos que relacionan a Rogelio B., en\u00a0 otros hechos delictuosos que son materia de investigaci\u00f3n por parte de la Procuradur\u00eda General de Justicia del Estado de Michoac\u00e1n.<\/p>\n<p>&nbsp;<\/p>\n<p>Cabe hacer menci\u00f3n que Rogelio B. se desempe\u00f1\u00f3 durante tres a\u00f1os como elemento del Grupo de Operaciones Especiales de la Secretar\u00eda de Seguridad P\u00fablica.<\/p>\n<p>&nbsp;<\/p>\n<p>La Fiscal\u00eda contin\u00faa con las investigaciones toda vez que existe informaci\u00f3n que vincula a los detenidos en diversas conductas cometidas en varios municipios del oriente michoacano.<\/p>\n<p>&nbsp;<\/p>\n<p>La Procuradur\u00eda General de Justicia del Estado refrenda su compromiso de mantener acciones que generen tranquilidad y cierren paso a la impunidad.<\/p>\n","protected":false},"excerpt":{"rendered":"<p>La Procuradur\u00eda General de Justicia del Estado de Michoac\u00e1n, hace de su conocimiento que  como resultado de trabajos de investigaci\u00f3n e inteligencia realizados para desarticular los grupos delincuenciales que atentan contra la seguridad de las y los michoacanos, <\/p>\n","protected":false},"author":1,"featured_media":0,"comment_status":"open","ping_status":"open","sticky":false,"template":"","format":"standard","meta":{"footnotes":""},"categories":[3],"tags":[],"class_list":["post-18201","post","type-post","status-publish","format-standard","hentry","category-gobierno-del-estado-de-michoacan"],"_links":{"self":[{"href":"https:\/\/radiowebmx.com\/nota\/wp-json\/wp\/v2\/posts\/18201","targetHints":{"allow":["GET"]}}],"collection":[{"href":"https:\/\/radiowebmx.com\/nota\/wp-json\/wp\/v2\/posts"}],"about":[{"href":"https:\/\/radiowebmx.com\/nota\/wp-json\/wp\/v2\/types\/post"}],"author":[{"embeddable":true,"href":"https:\/\/radiowebmx.com\/nota\/wp-json\/wp\/v2\/users\/1"}],"replies":[{"embeddable":true,"href":"https:\/\/radiowebmx.com\/nota\/wp-json\/wp\/v2\/comments?post=18201"}],"version-history":[{"count":1,"href":"https:\/\/radiowebmx.com\/nota\/wp-json\/wp\/v2\/posts\/18201\/revisions"}],"predecessor-version":[{"id":18202,"href":"https:\/\/radiowebmx.com\/nota\/wp-json\/wp\/v2\/posts\/18201\/revisions\/18202"}],"wp:attachment":[{"href":"https:\/\/radiowebmx.com\/nota\/wp-json\/wp\/v2\/media?parent=18201"}],"wp:term":[{"taxonomy":"category","embeddable":true,"href":"https:\/\/radiowebmx.com\/nota\/wp-json\/wp\/v2\/categories?post=18201"},{"taxonomy":"post_tag","embeddable":true,"href":"https:\/\/radiowebmx.com\/nota\/wp-json\/wp\/v2\/tags?post=18201"}],"curies":[{"name":"wp","href":"https:\/\/api.w.org\/{rel}","templated":true}]}}