{"id":18195,"date":"2015-09-24T10:42:31","date_gmt":"2015-09-24T15:42:31","guid":{"rendered":"https:\/\/radiowebmx.com\/nota\/?p=18195"},"modified":"2015-09-24T10:42:31","modified_gmt":"2015-09-24T15:42:31","slug":"felicita-presidente-de-morelia-a-beatriz-resendiz-tras-obtener-oro-en-juegos-globales-en-ecuador","status":"publish","type":"post","link":"https:\/\/radiowebmx.com\/nota\/felicita-presidente-de-morelia-a-beatriz-resendiz-tras-obtener-oro-en-juegos-globales-en-ecuador\/","title":{"rendered":"Felicita Presidente de Morelia a Beatriz Res\u00e9ndiz tras obtener oro en Juegos Globales en Ecuador"},"content":{"rendered":"<p>El Presidente Municipal de Morelia Alfonso Mart\u00ednez Alc\u00e1zar, felicit\u00f3 a la nadadora moreliana Beatriz Res\u00e9ndiz por haber obtenido la medalla de oro en la prueba de 200 metros estilo libre, en los Juegos Globales Mundiales que se llevan a cabo en Ecuador.<\/p>\n<p>Mediante un video enviado a la atleta michoacana, el Alcalde Independiente hizo hincapi\u00e9 en que Morelia necesitaba una medalla de oro \u201cpor estas buenas noticias hacen que nuestra ciudad sea mejor, gracias a deportistas como t\u00fa\u201d expres\u00f3.<\/p>\n<p>Asimismo refiri\u00f3 que estar\u00e1 esper\u00e1ndola para recibirla y as\u00ed felicitarla de manera personal como la \u201cgran campeona de Morelia\u201d.<\/p>\n<p>Cabe mencionar que Beatriz Res\u00e9ndiz gan\u00f3 la medalla de oro en la prueba con un tiempo de 2\u201920.78\u201d, \u00a0mejorando su marca personal obtenida en los Juegos Parapanamericanos de Toronto 2015, el cual fue de 2\u201921.62\u201d.<\/p>\n<p>Es de resaltar que este es un gran paso para buscar el pase a los Juegos Paral\u00edmpicos del 2016 en R\u00edo de Janeiro, Brasil, lo que ser\u00eda un logr\u00f3 m\u00e1s en la carrera de la atl\u00e9tica moreliana.<\/p>\n<p>Es importante se\u00f1alar que este jueves la deportista continuar\u00e1 con sus actividades dentro de dicho campeonato participando en la prueba de 800 metros libres, en la cual tiene amplias posibilidades se coronarse nuevamente con la medalla de oro.<\/p>\n<p>Finalmente, el Alcalde de la capital michoacana reiter\u00f3 su apoyo al gremio deportivo y reiter\u00f3 que continuar\u00e1 fomentando las actividades a trav\u00e9s del Instituto Michoacano del Deporte (IMDE),\u00a0 a fin de lograr que m\u00e1s j\u00f3venes trasciendan en diferentes actividades de alto rendimiento.<\/p>\n","protected":false},"excerpt":{"rendered":"<p>El Presidente Municipal de Morelia Alfonso Mart\u00ednez Alc\u00e1zar, felicit\u00f3 a la nadadora moreliana Beatriz Res\u00e9ndiz por haber obtenido la medalla de oro en la prueba de 200 metros estilo libre, en los Juegos Globales Mundiales que se llevan a cabo en Ecuador.<\/p>\n","protected":false},"author":1,"featured_media":0,"comment_status":"open","ping_status":"open","sticky":false,"template":"","format":"standard","meta":{"footnotes":""},"categories":[14,9],"tags":[],"class_list":["post-18195","post","type-post","status-publish","format-standard","hentry","category-destacadas","category-morelia"],"_links":{"self":[{"href":"https:\/\/radiowebmx.com\/nota\/wp-json\/wp\/v2\/posts\/18195","targetHints":{"allow":["GET"]}}],"collection":[{"href":"https:\/\/radiowebmx.com\/nota\/wp-json\/wp\/v2\/posts"}],"about":[{"href":"https:\/\/radiowebmx.com\/nota\/wp-json\/wp\/v2\/types\/post"}],"author":[{"embeddable":true,"href":"https:\/\/radiowebmx.com\/nota\/wp-json\/wp\/v2\/users\/1"}],"replies":[{"embeddable":true,"href":"https:\/\/radiowebmx.com\/nota\/wp-json\/wp\/v2\/comments?post=18195"}],"version-history":[{"count":2,"href":"https:\/\/radiowebmx.com\/nota\/wp-json\/wp\/v2\/posts\/18195\/revisions"}],"predecessor-version":[{"id":18197,"href":"https:\/\/radiowebmx.com\/nota\/wp-json\/wp\/v2\/posts\/18195\/revisions\/18197"}],"wp:attachment":[{"href":"https:\/\/radiowebmx.com\/nota\/wp-json\/wp\/v2\/media?parent=18195"}],"wp:term":[{"taxonomy":"category","embeddable":true,"href":"https:\/\/radiowebmx.com\/nota\/wp-json\/wp\/v2\/categories?post=18195"},{"taxonomy":"post_tag","embeddable":true,"href":"https:\/\/radiowebmx.com\/nota\/wp-json\/wp\/v2\/tags?post=18195"}],"curies":[{"name":"wp","href":"https:\/\/api.w.org\/{rel}","templated":true}]}}