{"id":18191,"date":"2015-09-24T10:35:28","date_gmt":"2015-09-24T15:35:28","guid":{"rendered":"https:\/\/radiowebmx.com\/nota\/?p=18191"},"modified":"2015-09-24T10:35:28","modified_gmt":"2015-09-24T15:35:28","slug":"generar-contenidos-en-base-a-las-audiencias-reto-de-los-medios-de-comunicacion-publicos","status":"publish","type":"post","link":"https:\/\/radiowebmx.com\/nota\/generar-contenidos-en-base-a-las-audiencias-reto-de-los-medios-de-comunicacion-publicos\/","title":{"rendered":"GENERAR CONTENIDOS EN BASE A LAS AUDIENCIAS, RETO DE LOS MEDIOS DE COMUNICACI\u00d3N P\u00daBLICOS"},"content":{"rendered":"<p>Ante la revoluci\u00f3n de las nuevas tecnolog\u00edas, el gran reto de los medios de comunicaci\u00f3n en general y de los p\u00fablicos en particular, es considerar la diversificaci\u00f3n de audiencias para la generaci\u00f3n de contenidos a fin de continuar siendo atractivos, advirti\u00f3 el director de Radio Educaci\u00f3n, Antonio Tenorio Mu\u00f1oz Cota, al participar en la conferencia magistral \u201cLos medios estatales como formadores de opini\u00f3n\u201d, que forma parte de la Semana Cultural la Radio y la Televisi\u00f3n P\u00fablica, que se lleva a cabo en el marco del 31 Aniversario del Sistema Michoacano de Radio y Televisi\u00f3n (SMRTV).<br \/>\nEn el Aula M\u00e1ter del Colegio Primitivo y Nacional de San Nicol\u00e1s de Hidalgo, el tambi\u00e9n escritor de novelas como <i>M\u00e1s breve que una vida<\/i>, puntualiz\u00f3 que hoy d\u00eda la apuesta de los de los medios p\u00fablicos, que \u201cson espacios de todos y para todos\u201d, yace en dejar atr\u00e1s la l\u00f3gica lineal de la creaci\u00f3n de programas dirigidos a los consumidores; por el contrario, est\u00e1n obligados a ver de qu\u00e9 manera incorporan contenidos propuestos por el nuevo p\u00fablico que est\u00e1 sumergido en las nuevas tecnolog\u00edas, los tambi\u00e9n llamados prosumidores (generadores y consumidores de contenidos).<br \/>\n\u201cLos sistemas p\u00fablicos son por definici\u00f3n espacios de libertad, de creatividad y de experimentaci\u00f3n; a diferencia de un medio privado que busca el financiamiento de una empresa, son espacios de todos y para todos, y por tanto se deben a las audiencias\u201d, indic\u00f3.<br \/>\nFrente a decenas de j\u00f3venes estudiantes, quien ha sido profesor investigador en la Universidad Iberoamericana, explic\u00f3 que en la l\u00f3gica digital el usuario es el que decide c\u00f3mo, a qu\u00e9 hora, con qui\u00e9n y para qu\u00e9 utiliza a un medio de comunicaci\u00f3n: \u201ceste papel que el usuario tiene como determinante, obliga a que los medios reconsideren la manera en c\u00f3mo se conceb\u00edan a ellos mismos y la manera como estuvieron organizados durante 100 a\u00f1os y cu\u00e1les son las exigencias de la actualidad\u201d.<br \/>\nMu\u00f1oz Cota, quien ha sido agregado cultural de la embajada de M\u00e9xico en Chile y Colombia, explic\u00f3 que los mass media se encuentran en un proceso de acoplamiento de dos mundos, uno que nunca va a desaparecer que es el del contacto f\u00edsico y el mundo abierto de las experiencias virtuales.<br \/>\nEn este tenor, resalt\u00f3 la labor que realiza el Sistema Michoacano de Radio y Televisi\u00f3n, ante la difusi\u00f3n de programas dirigidos no s\u00f3lo al p\u00fablico estatal, sino sobre todo con los connacionales michoacanos que radican en Estados Unidos, \u201cson un medio fundamental para que los migrantes sigan conectados con sus ra\u00edces, al lograr que los que est\u00e1n lejos se sientan cerca con su lugar de origen\u201d.<br \/>\nPor su parte, la directora del SMRTV, Asbel Guzm\u00e1n Corona, se\u00f1al\u00f3 que el objetivo principal de la Semana Cultural la Radio y la Televisi\u00f3n P\u00fablica, que inici\u00f3 el lunes 21 de septiembre y culmina el 24 del presente mes, es discutir el papel y los retos de los medios p\u00fablicos.<br \/>\nDestac\u00f3 adem\u00e1s el papel que ha tenido la Red de Radiodifusoras y Televisoras Educativas y Culturales de M\u00e9xico A.C, mediante la cual se ha logrado intercambiar opiniones con los expertos que comprenden la misma. Entre los temas que se han puesto sobre la mesa resaltan Periodismo de Investigaci\u00f3n, donde particip\u00f3 el periodista de Proceso, Francisco Castellanos Javier y la ponencia de J. Jes\u00fas Lemus, periodista independiente, bajo la tem\u00e1tica \u201cLos riesgos de la cobertura period\u00edstica\u201d, entre otros.<br \/>\nAsimismo, Guzm\u00e1n Corona hizo \u00e9nfasis en la participaci\u00f3n que han tenido los alumnos de preparatoria as\u00ed como estudiantes de la Escuela de Periodismo de la Universidad de Morelia, quienes han mostrado gran inter\u00e9s en las conferencias.<br \/>\nEste jueves 24 de septiembre, la Semana Cultural de Aniversario culminar\u00e1 con broche de oro, con la intervenci\u00f3n de la Asociaci\u00f3n de M\u00e9xico de Defensores de Audiencia IMER, Adriana Sol\u00f3rzano, con la ponencia \u201cDerechos de las Audiencias, Alcances de la Nueva Legislaci\u00f3n\u201d, y la\u00a0 mesa de an\u00e1lisis de \u201cLa responsabilidad de los Medios P\u00fablicos y Oficiales en Michoac\u00e1n. Radio Ind\u00edgena, Comunitaria, Universitaria y Estatal\u201d, con la participaci\u00f3n de Radio Cher\u00e1n, Radio Comunitaria (UANDARI), Radio Nicolaita y Radio del SMRTV. Ambas se llevar\u00e1n a cabo en el Colegio Primitivo y Nacional de San Nicol\u00e1s de Hidalgo a las 9:30 y 12:00 horas, respectivamente.<\/p>\n<p>&nbsp;<\/p>\n","protected":false},"excerpt":{"rendered":"<p>Ante la revoluci\u00f3n de las nuevas tecnolog\u00edas, el gran reto de los medios de comunicaci\u00f3n en general y de los p\u00fablicos en particular, es considerar la diversificaci\u00f3n de audiencias para la generaci\u00f3n de contenidos a fin de continuar siendo atractivos, advirti\u00f3 el director de Radio Educaci\u00f3n, Antonio Tenorio Mu\u00f1oz Cota,<\/p>\n","protected":false},"author":1,"featured_media":18192,"comment_status":"open","ping_status":"open","sticky":false,"template":"","format":"standard","meta":{"footnotes":""},"categories":[14,3],"tags":[],"class_list":["post-18191","post","type-post","status-publish","format-standard","has-post-thumbnail","hentry","category-destacadas","category-gobierno-del-estado-de-michoacan"],"_links":{"self":[{"href":"https:\/\/radiowebmx.com\/nota\/wp-json\/wp\/v2\/posts\/18191","targetHints":{"allow":["GET"]}}],"collection":[{"href":"https:\/\/radiowebmx.com\/nota\/wp-json\/wp\/v2\/posts"}],"about":[{"href":"https:\/\/radiowebmx.com\/nota\/wp-json\/wp\/v2\/types\/post"}],"author":[{"embeddable":true,"href":"https:\/\/radiowebmx.com\/nota\/wp-json\/wp\/v2\/users\/1"}],"replies":[{"embeddable":true,"href":"https:\/\/radiowebmx.com\/nota\/wp-json\/wp\/v2\/comments?post=18191"}],"version-history":[{"count":2,"href":"https:\/\/radiowebmx.com\/nota\/wp-json\/wp\/v2\/posts\/18191\/revisions"}],"predecessor-version":[{"id":18194,"href":"https:\/\/radiowebmx.com\/nota\/wp-json\/wp\/v2\/posts\/18191\/revisions\/18194"}],"wp:featuredmedia":[{"embeddable":true,"href":"https:\/\/radiowebmx.com\/nota\/wp-json\/wp\/v2\/media\/18192"}],"wp:attachment":[{"href":"https:\/\/radiowebmx.com\/nota\/wp-json\/wp\/v2\/media?parent=18191"}],"wp:term":[{"taxonomy":"category","embeddable":true,"href":"https:\/\/radiowebmx.com\/nota\/wp-json\/wp\/v2\/categories?post=18191"},{"taxonomy":"post_tag","embeddable":true,"href":"https:\/\/radiowebmx.com\/nota\/wp-json\/wp\/v2\/tags?post=18191"}],"curies":[{"name":"wp","href":"https:\/\/api.w.org\/{rel}","templated":true}]}}