{"id":18181,"date":"2015-09-24T10:13:42","date_gmt":"2015-09-24T15:13:42","guid":{"rendered":"https:\/\/radiowebmx.com\/nota\/?p=18181"},"modified":"2015-09-24T10:13:42","modified_gmt":"2015-09-24T15:13:42","slug":"organo-implementador-en-michoacan-y-organizaciones-de-la-sociedad-civil-coadyuvan-trabajos-para-implementacion-del-nsjp","status":"publish","type":"post","link":"https:\/\/radiowebmx.com\/nota\/organo-implementador-en-michoacan-y-organizaciones-de-la-sociedad-civil-coadyuvan-trabajos-para-implementacion-del-nsjp\/","title":{"rendered":"\u00d3rgano implementador en Michoac\u00e1n y organizaciones de la sociedad civil coadyuvan trabajos para implementaci\u00f3n del NSJP"},"content":{"rendered":"<p><i>\u201c<\/i>El avance en la implementaci\u00f3n del Nuevo Sistema de Justicia Penal es un logro obtenido gracias a la colaboraci\u00f3n de instituciones, sociedad civil y medios de comunicaci\u00f3n\u201d se\u00f1al\u00f3 el Secretario Ejecutivo del \u00f3rgano implementador en la entidad, Jes\u00fas Sierra Arias.<\/p>\n<p>&nbsp;<\/p>\n<p>Lo anterior, al brindar una rueda de prensa en compa\u00f1\u00eda del Presidente de la Fundaci\u00f3n Ciudadana para el Desarrollo Integral de Michoac\u00e1n (FUCIDIM) y del Consejo Econ\u00f3mico y Social de Michoac\u00e1n, Roberto Ram\u00edrez Delgado, Ricardo Martorell Caballero, integrante de la Mesa Directiva del Foro de Colegios de Profesionistas, Arturo Herrera Cornejo, integrante del Consejo Econ\u00f3mico y Social de Michoac\u00e1n, y Arnulfo Sandoval Cervantes integrante de la Mesa de Seguridad y Justicia de Morelia.<\/p>\n<p>&nbsp;<\/p>\n<p>Por su parte Ram\u00edrez Delgado reconoci\u00f3 los trabajos que se han realizado de manera coordinada con el Consejo para el nuevo sistema de justicia penal e invit\u00f3 a organizaciones sociales a estrechar lazos para generar el cambio cultural que propone el sistema acusatorio, adversarial y oral.<\/p>\n<p>&nbsp;<\/p>\n<p>De igual forma el Secretario Ejecutivo invit\u00f3 a las organizaciones en el Estado a continuar colaborando y a sumarse, debido a que el cambio en el sistema de justicia es una labor en la que se necesita el apoyo y participaci\u00f3n de toda la sociedad.<\/p>\n<p>&nbsp;<\/p>\n<p>Asimismo se\u00f1al\u00f3 que la participaci\u00f3n de la sociedad es de vital importancia en la observancia del proceso penal y de las actuaciones de los operadores \u2013jueces, ministerios p\u00fablicos, defensores, mediadores, facilitadores y servidores p\u00fablicos- que ejercen funciones en el sistema acusatorio, adversarial y oral.<\/p>\n<p>&nbsp;<\/p>\n<p>\u201cEn la medida en que la sociedad civil est\u00e9 informada podr\u00e1 exigir el cumplimiento de la ley; su participaci\u00f3n es fundamental para acompa\u00f1ar y consolidar el proceso de implementaci\u00f3n de la reforma en seguridad y justicia, para avanzar en una cultura de paz y de di\u00e1logo, fortalecer la cultura jur\u00eddica y desarrollar un sistema de justicia penal en beneficio de la ciudadan\u00eda\u201d, mencion\u00f3 Sierra Arias<\/p>\n<p>&nbsp;<\/p>\n<p>Cabe destacar que a partir de la creaci\u00f3n de la Secretar\u00eda Ejecutiva del Consejo para el Nuevo Sistema de Justicia Penal en Michoac\u00e1n, se han realizado diversos trabajos en conjunto con instituciones de gobierno, acad\u00e9micas, jur\u00eddicas y organizaciones de la sociedad civil; manteniendo comunicaci\u00f3n permanente entre las instituciones involucradas en la implementaci\u00f3n del Nuevo Sistema de Justicia Penal tanto en el \u00e1mbito estatal como federal.<\/p>\n","protected":false},"excerpt":{"rendered":"<p>\u201cEl avance en la implementaci\u00f3n del Nuevo Sistema de Justicia Penal es un logro obtenido gracias a la colaboraci\u00f3n de instituciones, sociedad civil y medios de comunicaci\u00f3n\u201d se\u00f1al\u00f3 el Secretario Ejecutivo del \u00f3rgano implementador en la entidad, Jes\u00fas Sierra Arias.<\/p>\n","protected":false},"author":1,"featured_media":18182,"comment_status":"open","ping_status":"open","sticky":false,"template":"","format":"standard","meta":{"footnotes":""},"categories":[14,3],"tags":[],"class_list":["post-18181","post","type-post","status-publish","format-standard","has-post-thumbnail","hentry","category-destacadas","category-gobierno-del-estado-de-michoacan"],"_links":{"self":[{"href":"https:\/\/radiowebmx.com\/nota\/wp-json\/wp\/v2\/posts\/18181","targetHints":{"allow":["GET"]}}],"collection":[{"href":"https:\/\/radiowebmx.com\/nota\/wp-json\/wp\/v2\/posts"}],"about":[{"href":"https:\/\/radiowebmx.com\/nota\/wp-json\/wp\/v2\/types\/post"}],"author":[{"embeddable":true,"href":"https:\/\/radiowebmx.com\/nota\/wp-json\/wp\/v2\/users\/1"}],"replies":[{"embeddable":true,"href":"https:\/\/radiowebmx.com\/nota\/wp-json\/wp\/v2\/comments?post=18181"}],"version-history":[{"count":1,"href":"https:\/\/radiowebmx.com\/nota\/wp-json\/wp\/v2\/posts\/18181\/revisions"}],"predecessor-version":[{"id":18183,"href":"https:\/\/radiowebmx.com\/nota\/wp-json\/wp\/v2\/posts\/18181\/revisions\/18183"}],"wp:featuredmedia":[{"embeddable":true,"href":"https:\/\/radiowebmx.com\/nota\/wp-json\/wp\/v2\/media\/18182"}],"wp:attachment":[{"href":"https:\/\/radiowebmx.com\/nota\/wp-json\/wp\/v2\/media?parent=18181"}],"wp:term":[{"taxonomy":"category","embeddable":true,"href":"https:\/\/radiowebmx.com\/nota\/wp-json\/wp\/v2\/categories?post=18181"},{"taxonomy":"post_tag","embeddable":true,"href":"https:\/\/radiowebmx.com\/nota\/wp-json\/wp\/v2\/tags?post=18181"}],"curies":[{"name":"wp","href":"https:\/\/api.w.org\/{rel}","templated":true}]}}