{"id":18177,"date":"2015-09-23T14:17:02","date_gmt":"2015-09-23T19:17:02","guid":{"rendered":"https:\/\/radiowebmx.com\/nota\/?p=18177"},"modified":"2015-09-23T14:17:02","modified_gmt":"2015-09-23T19:17:02","slug":"revisa-secretaria-de-desarrollo-social-de-morelia-unidades-medicas-en-zona-rural","status":"publish","type":"post","link":"https:\/\/radiowebmx.com\/nota\/revisa-secretaria-de-desarrollo-social-de-morelia-unidades-medicas-en-zona-rural\/","title":{"rendered":"Revisa Secretar\u00eda de Desarrollo Social de Morelia Unidades M\u00e9dicas en zona rural"},"content":{"rendered":"<p>El secretario de Desarrollo Social, Guillermo Mar\u00edn Ch\u00e1vez realiz\u00f3 una visita a la Unidad M\u00e9dica Rural que se ubica en la Comunidad \u201cAsiento de Piedra\u201d para supervisar la calidad de los servicios m\u00e9dicos que el\u00a0 Ayuntamiento de Morelia presta a los vecinos de esta poblaci\u00f3n.<\/p>\n<p>A trav\u00e9s de diversas acciones, el funcionario municipal pidi\u00f3 a la titular de la Direcci\u00f3n de Salud,\u00a0\u00a0 Stephanie Luviano\u00a0 a fortalecer el trabajo que presta el personal m\u00e9dico de esta unidad que atiende a las familias que cuentan con el programa federal Prospera as\u00ed como el de\u00a0 Seguro de vida, dirigido especialmente a vigilar de manera integral el desarrollo de los ni\u00f1os y j\u00f3venes de la comunidad.<\/p>\n<p>La\u00a0 Cl\u00ednica Comunitaria de la localidad de Asiento de Piedra presta atenci\u00f3n m\u00e9dica a los 280 habitantes de esta poblaci\u00f3n localizada al Nor-poniente de la capital michoacana, cuenta con\u00a0 un m\u00e9dico general y dos enfermeras\u00a0 en horario de 8:30 a 16 horas.<\/p>\n<p>Guillermo Mar\u00edn Ch\u00e1vez resalt\u00f3 que para la administraci\u00f3n que encabeza el presidente Alfonso Mart\u00ednez Alc\u00e1zar, la atenci\u00f3n de la salud de los morelianos es un tema prioritario para su gesti\u00f3n por lo que se llevan a cabo acciones tendientes a reforzar la prestaci\u00f3n de los servicios m\u00e9dicos de primer nivel,\u00a0 promoci\u00f3n de la salud y el fortalecimiento de la infraestructura de las 34 Unidades M\u00e9dicas con las que cuenta el municipio.<\/p>\n<p>Acompa\u00f1ado por los directores del \u00e1rea de Salud y por el director de Participaci\u00f3n Ciudadana, Jos\u00e9 Ru\u00edz Magall\u00f3n, el titular de la Secretaria de Desarrollo Social del municipio realiz\u00f3 un recorrido por las instalaciones de la unidad donde se comprometi\u00f3 a dar seguimiento al t\u00e9rmino de la fosa s\u00e9ptica que se encuentra en construcci\u00f3n y su conexi\u00f3n al drenaje.<\/p>\n","protected":false},"excerpt":{"rendered":"<p>El secretario de Desarrollo Social, Guillermo Mar\u00edn Ch\u00e1vez realiz\u00f3 una visita a la Unidad M\u00e9dica Rural que se ubica en la Comunidad \u201cAsiento de Piedra\u201d para supervisar la calidad de los servicios m\u00e9dicos que el  Ayuntamiento de Morelia presta a los vecinos de esta poblaci\u00f3n.<\/p>\n","protected":false},"author":1,"featured_media":18178,"comment_status":"open","ping_status":"open","sticky":false,"template":"","format":"standard","meta":{"footnotes":""},"categories":[14,9],"tags":[],"class_list":["post-18177","post","type-post","status-publish","format-standard","has-post-thumbnail","hentry","category-destacadas","category-morelia"],"_links":{"self":[{"href":"https:\/\/radiowebmx.com\/nota\/wp-json\/wp\/v2\/posts\/18177","targetHints":{"allow":["GET"]}}],"collection":[{"href":"https:\/\/radiowebmx.com\/nota\/wp-json\/wp\/v2\/posts"}],"about":[{"href":"https:\/\/radiowebmx.com\/nota\/wp-json\/wp\/v2\/types\/post"}],"author":[{"embeddable":true,"href":"https:\/\/radiowebmx.com\/nota\/wp-json\/wp\/v2\/users\/1"}],"replies":[{"embeddable":true,"href":"https:\/\/radiowebmx.com\/nota\/wp-json\/wp\/v2\/comments?post=18177"}],"version-history":[{"count":1,"href":"https:\/\/radiowebmx.com\/nota\/wp-json\/wp\/v2\/posts\/18177\/revisions"}],"predecessor-version":[{"id":18179,"href":"https:\/\/radiowebmx.com\/nota\/wp-json\/wp\/v2\/posts\/18177\/revisions\/18179"}],"wp:featuredmedia":[{"embeddable":true,"href":"https:\/\/radiowebmx.com\/nota\/wp-json\/wp\/v2\/media\/18178"}],"wp:attachment":[{"href":"https:\/\/radiowebmx.com\/nota\/wp-json\/wp\/v2\/media?parent=18177"}],"wp:term":[{"taxonomy":"category","embeddable":true,"href":"https:\/\/radiowebmx.com\/nota\/wp-json\/wp\/v2\/categories?post=18177"},{"taxonomy":"post_tag","embeddable":true,"href":"https:\/\/radiowebmx.com\/nota\/wp-json\/wp\/v2\/tags?post=18177"}],"curies":[{"name":"wp","href":"https:\/\/api.w.org\/{rel}","templated":true}]}}