{"id":18172,"date":"2015-09-23T14:14:25","date_gmt":"2015-09-23T19:14:25","guid":{"rendered":"https:\/\/radiowebmx.com\/nota\/?p=18172"},"modified":"2015-09-23T14:14:25","modified_gmt":"2015-09-23T19:14:25","slug":"busca-ayuntamiento-que-morelia-sea-una-ciudad-peatonal","status":"publish","type":"post","link":"https:\/\/radiowebmx.com\/nota\/busca-ayuntamiento-que-morelia-sea-una-ciudad-peatonal\/","title":{"rendered":"Busca Ayuntamiento que Morelia sea una ciudad peatonal"},"content":{"rendered":"<p>En el marco del D\u00eda Internacional Sin Autom\u00f3vil, el Presidente Municipal, Alfonso Mart\u00ednez Alc\u00e1zar, refrend\u00f3 su compromiso de que Morelia sea una ciudad peatonal en la que existan alternativas de movilidad alternas al uso de coches.<\/p>\n<p>Al respecto, indic\u00f3 que en el tema de las ciclov\u00edas, el Ayuntamiento mantiene actualmente una estrecha comunicaci\u00f3n con diversas organizaciones ciclistas, para que a trav\u00e9s de su experiencia, se generen en conjunto las rutas y obras para el uso de bicicletas como medio de transporte.<\/p>\n<p>Alfonso Mart\u00ednez destac\u00f3 que el Ayuntamiento no autorizar\u00e1 proyectos que no garanticen seguridad a la ciudadan\u00eda, por lo que vigilar\u00e1n que las pr\u00f3ximas ciclov\u00edas sean funcionales y cuenten con las normas internacionales en su tipo.<\/p>\n<p>Asimismo, indic\u00f3 que en diversos puntos del municipio se instalar\u00e1n pasos peatonales con el equipamiento adecuado, a fin de salvaguardar la integridad de miles de morelianos que diariamente deben caminar por las calles de la capital de Michoac\u00e1n para hacer sus tareas cotidianas.<\/p>\n<p>Por ello, el alcalde moreliano insisti\u00f3 que la movilidad en la capital del Estado es un rubro que abrir\u00e1 las puertas al uso de medios alternativos de transporte en la capital, y en ello estar\u00e1 trabajando el Gobierno Municipal de la mano con asociaciones.<\/p>\n<p>Finalmente, coment\u00f3 que en la medida que el equipamiento urbano responda a las necesidades de otros medios de movilidad, tendremos una ciudad m\u00e1s amable con el medio ambiente y se fomentar\u00e1 la pr\u00e1ctica de otras actividades que insistan a la convivencia y uni\u00f3n familiar.<\/p>\n","protected":false},"excerpt":{"rendered":"<p>En el marco del D\u00eda Internacional Sin Autom\u00f3vil, el Presidente Municipal, Alfonso Mart\u00ednez Alc\u00e1zar, refrend\u00f3 su compromiso de que Morelia sea una ciudad peatonal en la que existan alternativas de movilidad alternas al uso de coches.<\/p>\n","protected":false},"author":1,"featured_media":18173,"comment_status":"open","ping_status":"open","sticky":false,"template":"","format":"standard","meta":{"footnotes":""},"categories":[14,9],"tags":[],"class_list":["post-18172","post","type-post","status-publish","format-standard","has-post-thumbnail","hentry","category-destacadas","category-morelia"],"_links":{"self":[{"href":"https:\/\/radiowebmx.com\/nota\/wp-json\/wp\/v2\/posts\/18172","targetHints":{"allow":["GET"]}}],"collection":[{"href":"https:\/\/radiowebmx.com\/nota\/wp-json\/wp\/v2\/posts"}],"about":[{"href":"https:\/\/radiowebmx.com\/nota\/wp-json\/wp\/v2\/types\/post"}],"author":[{"embeddable":true,"href":"https:\/\/radiowebmx.com\/nota\/wp-json\/wp\/v2\/users\/1"}],"replies":[{"embeddable":true,"href":"https:\/\/radiowebmx.com\/nota\/wp-json\/wp\/v2\/comments?post=18172"}],"version-history":[{"count":1,"href":"https:\/\/radiowebmx.com\/nota\/wp-json\/wp\/v2\/posts\/18172\/revisions"}],"predecessor-version":[{"id":18174,"href":"https:\/\/radiowebmx.com\/nota\/wp-json\/wp\/v2\/posts\/18172\/revisions\/18174"}],"wp:featuredmedia":[{"embeddable":true,"href":"https:\/\/radiowebmx.com\/nota\/wp-json\/wp\/v2\/media\/18173"}],"wp:attachment":[{"href":"https:\/\/radiowebmx.com\/nota\/wp-json\/wp\/v2\/media?parent=18172"}],"wp:term":[{"taxonomy":"category","embeddable":true,"href":"https:\/\/radiowebmx.com\/nota\/wp-json\/wp\/v2\/categories?post=18172"},{"taxonomy":"post_tag","embeddable":true,"href":"https:\/\/radiowebmx.com\/nota\/wp-json\/wp\/v2\/tags?post=18172"}],"curies":[{"name":"wp","href":"https:\/\/api.w.org\/{rel}","templated":true}]}}