{"id":18170,"date":"2015-09-23T14:12:00","date_gmt":"2015-09-23T19:12:00","guid":{"rendered":"https:\/\/radiowebmx.com\/nota\/?p=18170"},"modified":"2015-09-23T14:12:00","modified_gmt":"2015-09-23T19:12:00","slug":"temas-de-cafe-373","status":"publish","type":"post","link":"https:\/\/radiowebmx.com\/nota\/temas-de-cafe-373\/","title":{"rendered":"TEMAS DE CAF\u00c9"},"content":{"rendered":"<ul>\n<li><a href=\"https:\/\/radiowebmx.com\/nota\/wp-content\/uploads\/2013\/06\/temas-de-cafe.jpg\"><img loading=\"lazy\" decoding=\"async\" class=\"alignleft size-full wp-image-2805\" alt=\"temas de cafe\" src=\"https:\/\/radiowebmx.com\/nota\/wp-content\/uploads\/2013\/06\/temas-de-cafe.jpg\" width=\"295\" height=\"171\" \/><\/a>SILVANO: FRENTE LEGISLATIVO<\/li>\n<li>SILVA Y NOE OMAR BERNARDINO<\/li>\n<li>EL PRI EN SAHUAYO E HIDALGO<\/li>\n<li>PIRRICOS ACTOS PARA MORELOS<\/li>\n<\/ul>\n<p>All\u00e1 es donde est\u00e1 el dinero que a Michoac\u00e1n, le hace tanta falta, por esos es de reconocer el esfuerzo que realiza, Silvano Aureoles gobernador electo, quien asumir\u00e1 su responsabilidad en solamente unos d\u00edas, y es que son los tiempos para poder estar presente, en el presupuesto de egresos de la Federaci\u00f3n, para el a\u00f1o entrante ah\u00ed es donde se toman las decisiones sobre los recursos para \u00a0los estados, en el Congreso y Silvano lo sabe muy bien, ya que ha estado por seis a\u00f1os en esas curules, hace menos de un a\u00f1o ah\u00ed estaba, por eso ayer estuvo en el Palacio Legislativo, donde se reuni\u00f3 con varias bancadas, estuvo con la Verde donde tuvieron especial participaci\u00f3n, Omar No\u00e9 Bernardino, Daniela de los Santos quien intervino muy poco, casi nada y Rosita Alvarez m\u00e1s tarde lo har\u00eda\u00a0 con la del PRI, encabezada por V\u00edctor Silva, ah\u00ed el michoacano le dijo a Silvano que encontrar\u00e1 en los grupos parlamentarios, el apoyo que necesita para sacar adelante a Michoac\u00e1n.<\/p>\n<p>SILVA, MARCO POLO, IXTLAHUAC, SALOMON Y ANAYA<\/p>\n<p>La bancada priista michoacana en el Congreso, escuch\u00f3 con detenimiento al gobernador electo, ah\u00ed Silvano les explic\u00f3 las necesidades financieras de la entidad, y lo escucharon con atenci\u00f3n desde el coordinador de la bancada federal priista, V\u00edctor Silva Tejeda, como Marco Polo Aguirre, Antonio Ixtl\u00e1huac Orihuela, Salom\u00f3n Rosales\u00a0 y Alfredo Anaya Orozco quienes mostraron, su benepl\u00e1cito por la reuni\u00f3 con Silvano, a quien aseguraron que lo qu ese a bueno para Michoac\u00e1n, contar\u00e1 con su respaldo.<\/p>\n<p>JESUS ZAMBRANO, EL PES Y EL VERDE<\/p>\n<p>La intenci\u00f3n de Silvano es crear un frente, integrado principalmente con los diputados federales michoacanos, sin importar la procedencia pol\u00edtica de cada quien, al fin y al cabo a todos los mueve un solo sentir, sacar a Michoac\u00e1n de su actual situaci\u00f3n de postraci\u00f3n financiera, y todo ser\u00e1 m\u00e1s f\u00e1cil si participan todos en ello, por eso estuvo con los priistas, los Vedes, con los del PES y Jes\u00fas Zambrano coordinador de la bancada, del PRD en el Congreso y adem\u00e1s presidente de la mesa directiva.<\/p>\n<p>ONCE PROPUESTAS DEL VERDE A SILVANO<\/p>\n<p>No son condicionantes dijo Omar No\u00e9 Bernardino, pero si dijo que eran propuestas o recomendaciones, que los diputados Verdes tanto de Michoac\u00e1n como\u00a0 de sus compa\u00f1eros legisladores, que le hicieron a Silvano recomendaciones que fueron recibidas, por el gobernador electo entre las que m\u00e1s nos llamaron la atenci\u00f3n, son las siguientes: Hacer realidad en Michoac\u00e1n la reforma educativa, impulsar el mando \u00fanico en los ayuntamientos, poner en pr\u00e1ctica una pol\u00edtica de austeridad.<\/p>\n<p>Adem\u00e1s empezar a pagar a los deudores, que datan desde hace cinco a\u00f1os, que las compras del gobierno del estado, sean en y para michoacanos y que no se concentren, en la capital del estado para beneficiar al resto de los municipios, apoyar otra salida \u00a0al mar, con nueva autopista a la costa, y los nombramientos que vaya a hacer el ejecutivo a su cargo, busque que tengan el perfil para desempe\u00f1ar el cargo, coment\u00f3 Omar No\u00e9 Bernardino que Silvano recibi\u00f3 las propuestas con simpat\u00eda.<\/p>\n<p>SIN INTERES PARA EL PRI SAHUAYO NI HIDALGO<\/p>\n<p>Se comenta en varios lugares de Morelia, el poco inter\u00e9s que ha puesto el PRI estatal a cargo de Agust\u00edn Trujillo, en las elecciones extraordinarias para presidente municipal, en Sahuayo y para diputado local en Ciudad Hidalgo, y como todo tiene una raz\u00f3n de ser, se comenta que en lo que tiene que ver con Ciudad Hidalgo, el candidato que contender\u00e1 por esa diputaci\u00f3n, pertenece al grupo de Jes\u00fas Reyna el cual pronto, tendr\u00e1 una reestructuraci\u00f3n.<\/p>\n<p>En lo que respecta a la presidencia municipal de Sahuayo, tambi\u00e9n se comenta que la dirigencia estatal, no tiene mucho inter\u00e9s porque quien tiene mano para poner al candidato, es Alfredo Anaya quien se encuentra disgustado con Agust\u00edn Trujillo, por lo que el PRI estatal ha mostrado desinter\u00e9s, en estas dos elecciones ahora claro falta lo que diga Manlio Fabio Beltrones, y es que como usted sabe hubo serias diferencias, entre\u00a0 Chon Orihuela con Manlio Fabio por las elecciones en Michoac\u00e1n.<\/p>\n<p>LA DIPUTACION DE ROBERTO CARLOS FIRME<\/p>\n<p>De cualquier forma pase lo que pase, si el PRI gana o no la diputaci\u00f3n de Ciudad Hidalgo, no hay problema alguno para Roberto Carlos L\u00f3pez Garc\u00eda, porque se ha estado comentando que de ganar el PRI la diputaci\u00f3n, afectar\u00eda la diputaci\u00f3n que tiene Roberto Carlos, pero no es cierto en la declaratoria del Tribunal Electoral Federal, queda claro\u00a0 no afecta en nada a Roberto Carlos, por lo cual son otras las consideraciones de la dirigencia estatal, no para beneficiar a la CNC michoacana.<\/p>\n<p>HELICOPTERO DEL ESTADO AL SERVICIO DE PAVEL<\/p>\n<p>Mucha gente nos ha comentado con molestia e irritaci\u00f3n, la actitud de Pavel Oseguera y su hermano C\u00e9sar ya que desde hace meses, utilizan el helic\u00f3ptero del gobierno del estado como de su\u00a0 propiedad, lo usan todos los d\u00edas para cuestiones, que no tienen que ver con el gobierno del estado, y sobre todo en estos d\u00edas en que se afirma, que el Gobierno del estado tiene grandes presiones, por las deudas.<\/p>\n<p>MAS ACUSACIONES CONTRA ENRIQUE VARGAS<\/p>\n<p>Es una l\u00e1stima que sigan las acusaciones, contra Enrique Vargas subdirector acad\u00e9mico del IMCED, organismo que tiene amplia gama de actividades para mejorar al magisterio en general, y hasta ahora ha sido una pena porque no ha podido cumplir con las expectativas,\u00a0 ya que el director Javier Irepan Hacha, simplemente no ha podido controlar a Enrique, quien ha sido acusado de acoso por varias alumnas, y una que otra empleada, as\u00ed como de diversos actos de corrupci\u00f3n, lo cual desde luego debe ser comprobado, mediante una investigaci\u00f3n a fondo.<\/p>\n<p>LUNES DE ROBOS, 13 EN 14 HORAS<\/p>\n<p>Alfonso Mart\u00ednez debe hacer algo en relaci\u00f3n, a la inseguridad que golpea a Morelia, le comentamos sobre el fin de semana, asaltos y robos, ahora el lunes en 14 horas hubo 13 atracos desde peatones, comercios, \u00a0en fin trece delitos mientras que como es costumbre, no hay ni un detenido ni siquiera sospechosos, por lo cual es urgente que el presidente municipal, asuma las riendas de la seguridad de otra manera, nunca podr\u00e1 gozar\u00a0 de la simpat\u00eda de los morelianos.<\/p>\n<p>PIRRICA CELEBRACION DE LOS 250 A\u00d1OS DE MORELOS<\/p>\n<p>Flaca memoria hist\u00f3rica de las autoridades morelianas y de las del estado, dejaron pasar lastimosamente el 250 aniversario, del natalicio de Morelos el estadista y estratega, que cedi\u00f3 su nombre a Morelia, por eso es h\u00e9roe ep\u00f3nimo \u00a0y a pesar de eso, no pudieron organizarle un homenaje digno,\u00a0 estamos seguros la Universidad Michoac\u00e1n fast track, porque este hecho lo denunciamos hace m\u00e1s de ocho d\u00edas,\u00a0 nuevamente ayer tocamos el tema.<\/p>\n<p>Resulta que este lunes 28 la Universidad demostr\u00f3, tener mayor capacidad de improvisaci\u00f3n, organiz\u00f3 una conferencia ser\u00e1 dictada por el maestro en historia, Mois\u00e9s Guzm\u00e1n P\u00e9rez en el colegio de San Nicol\u00e1s a las 9 horas, adem\u00e1s un desfile de escoltas de las escuelas y\u00a0 facultades, de la Universidad Michoacana, del Colegio a la Casa Natal y por la tarde, exposici\u00f3n de cuadros de Morelos y un concierto, con la orquesta de C\u00e1mara de la Michoacana en el CCU. En la casa natal Alfonso Mart\u00ednez leer\u00e1 un mensaje por esta ocasi\u00f3n. Ah B\u00e1rbaros que improvisaci\u00f3n tan burda.<\/p>\n<p>MAS DE MIL CASOS POR LA CHIKUNGUNYA<\/p>\n<p>Se lo comentamos hace semanas cuando empez\u00f3, a sentirse con agudeza las fiebres que caracterizan a la enfermedad llamada Chikungunya, altas temperaturas y dolores en las articulaciones, todo porque la Secretaria de Salud no hizo lo que ten\u00eda que hacer, al inicio de las lluvias la descarrachizaci\u00f3n, limpia de parques y jardines, el abate en los espejos de agua, la fumigaci\u00f3n a tiempo, cuando los huevecillos del mosco son fr\u00e1giles, se empez\u00f3 a atacar cuando ya hab\u00eda\u00a0 cientos de casos en la Tierra Caliente.<\/p>\n<p>Despu\u00e9s hicieron las fumigaciones con material qu\u00edmico potito,\u00a0 l\u00f3gicamente no caus\u00f3 ning\u00fan da\u00f1o al mosco ni a las hueveras, por ello la presencia de m\u00e1s de mil casos reconocidos, por las autoridades de salud todo por la dejadez, y corrupci\u00f3n que impera actualmente en la Secretar\u00eda de Salud, y as\u00ed tiene el descaro este se\u00f1or proveniente del estado de M\u00e9xico, de querer seguir en ese puesto cuando lo mejor ser\u00eda llevarlo ante las autoridades, por incapacidad y meterlo a prisi\u00f3n. Ser\u00eda lo m\u00e1s justo \u00e9l y sus amigos andan, en\u00a0 camionetas blindadas \u00faltimo modelo, \u00bfy los enfermos que se mueran? Total \u00a0no es de Michoac\u00e1n.<\/p>\n","protected":false},"excerpt":{"rendered":"<p>\u2022\tSILVANO: FRENTE LEGISLATIVO<br \/>\n\u2022\tSILVA Y NOE OMAR BERNARDINO<br \/>\n\u2022\tEL PRI EN SAHUAYO E HIDALGO<br \/>\n\u2022\tPIRRICOS ACTOS PARA MORELOS<\/p>\n","protected":false},"author":1,"featured_media":0,"comment_status":"open","ping_status":"open","sticky":false,"template":"","format":"standard","meta":{"footnotes":""},"categories":[4,14,10],"tags":[],"class_list":["post-18170","post","type-post","status-publish","format-standard","hentry","category-columnistas","category-destacadas","category-juan-manuel-belmonte"],"_links":{"self":[{"href":"https:\/\/radiowebmx.com\/nota\/wp-json\/wp\/v2\/posts\/18170","targetHints":{"allow":["GET"]}}],"collection":[{"href":"https:\/\/radiowebmx.com\/nota\/wp-json\/wp\/v2\/posts"}],"about":[{"href":"https:\/\/radiowebmx.com\/nota\/wp-json\/wp\/v2\/types\/post"}],"author":[{"embeddable":true,"href":"https:\/\/radiowebmx.com\/nota\/wp-json\/wp\/v2\/users\/1"}],"replies":[{"embeddable":true,"href":"https:\/\/radiowebmx.com\/nota\/wp-json\/wp\/v2\/comments?post=18170"}],"version-history":[{"count":1,"href":"https:\/\/radiowebmx.com\/nota\/wp-json\/wp\/v2\/posts\/18170\/revisions"}],"predecessor-version":[{"id":18171,"href":"https:\/\/radiowebmx.com\/nota\/wp-json\/wp\/v2\/posts\/18170\/revisions\/18171"}],"wp:attachment":[{"href":"https:\/\/radiowebmx.com\/nota\/wp-json\/wp\/v2\/media?parent=18170"}],"wp:term":[{"taxonomy":"category","embeddable":true,"href":"https:\/\/radiowebmx.com\/nota\/wp-json\/wp\/v2\/categories?post=18170"},{"taxonomy":"post_tag","embeddable":true,"href":"https:\/\/radiowebmx.com\/nota\/wp-json\/wp\/v2\/tags?post=18170"}],"curies":[{"name":"wp","href":"https:\/\/api.w.org\/{rel}","templated":true}]}}