{"id":18163,"date":"2015-09-23T14:04:19","date_gmt":"2015-09-23T19:04:19","guid":{"rendered":"https:\/\/radiowebmx.com\/nota\/?p=18163"},"modified":"2015-09-23T14:04:19","modified_gmt":"2015-09-23T19:04:19","slug":"ayuntamiento-de-morelia-anuncia-el-tercer-festival-del-chapulin","status":"publish","type":"post","link":"https:\/\/radiowebmx.com\/nota\/ayuntamiento-de-morelia-anuncia-el-tercer-festival-del-chapulin\/","title":{"rendered":"Ayuntamiento de Morelia anuncia el Tercer Festival del Chapul\u00edn"},"content":{"rendered":"<p>Con el prop\u00f3sito de abatir las plagas que afectan los cultivos en la zona rural y fortalecer la soberan\u00eda alimentaria en las comunidades de Morelia, el Ayuntamiento \u00a0de la capital michoacana, en coordinaci\u00f3n con el Consejo Ciudadano, alistan el Tercer Festival del Chapul\u00edn, que tendr\u00e1 como sede la tenencia de Chiquimit\u00edo.<\/p>\n<p>Esta feria permitir\u00e1 a la ciudadan\u00eda disfrutar de diferentes platillos elaborados con el insecto y, de manera inherente, reducir la presencia de esta plaga que al a\u00f1o consume miles de hect\u00e1reas de diversos cultivos.<\/p>\n<p>Cabe se\u00f1alar que con la promoci\u00f3n de estos eventos, se disminuye el uso de plaguicidas que son da\u00f1inos para el medio ambiente y afectan la poblaci\u00f3n de otros insectos, tales como las abejas que son polinizadores vitales para la alimentaci\u00f3n y para la biodiversidad.<\/p>\n<p>Aunado a ello, con estos eventos, fomenta la detonaci\u00f3n que detona la econom\u00eda de la zona rural de la capital de michoacana, ya que la venta de este alimento permite que los habitantes de esta zona de Morelia obtengan un beneficio directo.<\/p>\n<p>En el este marco de esta feria, se llevar\u00e1n a cabo capacitaciones gastron\u00f3micas, foros y diversas actividades art\u00edsticas que promover\u00e1n la riqueza de las tenencias de la ciudad.<\/p>\n<p>Por lo anterior, el Ayuntamiento de Morelia que preside el Alcalde, Alfonso Mart\u00ednez Alc\u00e1zar, contin\u00faa coadyuvando al desarrollo integral del municipio, al brindar oportunidades de empleo al sector rural de la ciudad.<\/p>\n","protected":false},"excerpt":{"rendered":"<p>Con el prop\u00f3sito de abatir las plagas que afectan los cultivos en la zona rural y fortalecer la soberan\u00eda alimentaria en las comunidades de Morelia, el Ayuntamiento  de la capital michoacana, en coordinaci\u00f3n con el Consejo Ciudadano, alistan el Tercer Festival del Chapul\u00edn, que tendr\u00e1 como sede la tenencia de Chiquimit\u00edo.<\/p>\n","protected":false},"author":1,"featured_media":18164,"comment_status":"open","ping_status":"open","sticky":false,"template":"","format":"standard","meta":{"footnotes":""},"categories":[14,9],"tags":[],"class_list":["post-18163","post","type-post","status-publish","format-standard","has-post-thumbnail","hentry","category-destacadas","category-morelia"],"_links":{"self":[{"href":"https:\/\/radiowebmx.com\/nota\/wp-json\/wp\/v2\/posts\/18163","targetHints":{"allow":["GET"]}}],"collection":[{"href":"https:\/\/radiowebmx.com\/nota\/wp-json\/wp\/v2\/posts"}],"about":[{"href":"https:\/\/radiowebmx.com\/nota\/wp-json\/wp\/v2\/types\/post"}],"author":[{"embeddable":true,"href":"https:\/\/radiowebmx.com\/nota\/wp-json\/wp\/v2\/users\/1"}],"replies":[{"embeddable":true,"href":"https:\/\/radiowebmx.com\/nota\/wp-json\/wp\/v2\/comments?post=18163"}],"version-history":[{"count":1,"href":"https:\/\/radiowebmx.com\/nota\/wp-json\/wp\/v2\/posts\/18163\/revisions"}],"predecessor-version":[{"id":18165,"href":"https:\/\/radiowebmx.com\/nota\/wp-json\/wp\/v2\/posts\/18163\/revisions\/18165"}],"wp:featuredmedia":[{"embeddable":true,"href":"https:\/\/radiowebmx.com\/nota\/wp-json\/wp\/v2\/media\/18164"}],"wp:attachment":[{"href":"https:\/\/radiowebmx.com\/nota\/wp-json\/wp\/v2\/media?parent=18163"}],"wp:term":[{"taxonomy":"category","embeddable":true,"href":"https:\/\/radiowebmx.com\/nota\/wp-json\/wp\/v2\/categories?post=18163"},{"taxonomy":"post_tag","embeddable":true,"href":"https:\/\/radiowebmx.com\/nota\/wp-json\/wp\/v2\/tags?post=18163"}],"curies":[{"name":"wp","href":"https:\/\/api.w.org\/{rel}","templated":true}]}}