{"id":18160,"date":"2015-09-23T14:01:49","date_gmt":"2015-09-23T19:01:49","guid":{"rendered":"https:\/\/radiowebmx.com\/nota\/?p=18160"},"modified":"2015-09-23T14:01:49","modified_gmt":"2015-09-23T19:01:49","slug":"atiende-segob-y-spi-demandas-de-la-comunidad-indigena-de-pichataro","status":"publish","type":"post","link":"https:\/\/radiowebmx.com\/nota\/atiende-segob-y-spi-demandas-de-la-comunidad-indigena-de-pichataro\/","title":{"rendered":"ATIENDE SEGOB Y SPI, DEMANDAS DE LA COMUNIDAD IND\u00cdGENA DE PICH\u00c1TARO"},"content":{"rendered":"<p>La Secretar\u00eda de Gobierno, en apego a las atribuciones conferidas en la Ley Org\u00e1nica de la Administraci\u00f3n P\u00fablica Estatal y en el \u00e1nimo de atender y dar cauce a las demandas de todos los grupos sociales con presencia en el estado, recibi\u00f3 este d\u00eda a una comisi\u00f3n de autoridades comunales y habitantes de Pich\u00e1taro, municipio de Tingambato.<\/p>\n<p>En la sede de la dependencia, su titular Jaime Esparza Cortina, acompa\u00f1ado de la secretaria de Pueblos Ind\u00edgenas Martha Josefina Rodr\u00edguez Casillas, escuch\u00f3 los planteamientos de los comuneros en el sentido de que su comunidad pueda ejercer recursos p\u00fablicos municipales sin la mediaci\u00f3n del\u00a0 Ayuntamiento, demanda que ya ha sido analizada por la autoridad estatal en reuniones anteriores.<\/p>\n<p>El encargado de la pol\u00edtica interior dijo que esta mesa de di\u00e1logo es una muestra de la disposici\u00f3n el Gobierno del Estado a resolver los conflictos mediante la b\u00fasqueda de acuerdos y consensos, por lo que apel\u00f3 a la buena disposici\u00f3n de los comuneros, y los exhort\u00f3 a liberar los veh\u00edculos que mantienen retenidos como una muestra de voluntad pol\u00edtica en abono a la paz social y la concordia en aquella regi\u00f3n de la Meseta Pur\u00e9pecha.<\/p>\n<p>Jaime Esparza puntualiz\u00f3 que la administraci\u00f3n estatal no tiene facultades en la ejecuci\u00f3n de presupuestos de los gobiernos municipales, ya que su distribuci\u00f3n incluso es determinada por el pacto fiscal vigente a nivel federal.<\/p>\n<p>En el af\u00e1n de buscar acuerdos que garanticen la gobernabilidad en el municipio de Tingambato, el secretario de Gobierno dijo a los comuneros que la soluci\u00f3n de fondo a su demanda ser\u00eda suscribir un convenio con el Ayuntamiento para generar alternativas que permitan a la comunidad ejercer de manera directa parte del presupuesto.<\/p>\n<p>\u201cTiene que iniciarse el procedimiento legal para poder lograr que este presupuesto, al que ustedes tienen derecho, se canalice directamente como lo solicitan, pero no es sencillo; \u00a0no puede el Gobierno del Estado pedirle a la federaci\u00f3n que le quite a Tingambato el 30% para d\u00e1rselo a Pich\u00e1taro, eso no puede ser y los abogados ya lo saben: hay un orden en la distribuci\u00f3n de los recursos a nivel nacional\u201d, concluy\u00f3.<\/p>\n<p>Por su parte, la secretaria de Pueblos Ind\u00edgenas insisti\u00f3 en agotar la posibilidad de di\u00e1logo para lograr un convenio, y reiter\u00f3 que el gobierno de Salvador Jara Guerrero los escuchar\u00e1 hasta el \u00faltimo momento de su gesti\u00f3n; no obstante,\u00a0 se requiere de buena voluntad y no causar da\u00f1os a terceros, recalc\u00f3.<\/p>\n<p>Ofreci\u00f3 una vez m\u00e1s los recursos pol\u00edticos del gobierno estatal para coadyuvar, en la medida de las posibilidades, en este proceso de solicitud de asignaci\u00f3n directa de recursos, mediante la realizaci\u00f3n de gestiones y celebraci\u00f3n de reuniones de trabajo como parte de un proceso legal en apego a la legislaci\u00f3n vigente en la materia.<\/p>\n<p>Cabe se\u00f1alar que los comuneros estuvieron acompa\u00f1ados por un equipo legal para su asesor\u00eda en la b\u00fasqueda de soluci\u00f3n a sus demandas, entre las que destacan: cumplimiento a \u00a0minutas anteriores, seguimiento al convenio firmado con el Ayuntamiento anterior, el cuidado de los bosques, la conclusi\u00f3n de obras y el inicio de otras pendientes de ejecutarse, as\u00ed como los trabajos en las carreteras que pasan por la comunidad.<\/p>\n<p>Asistieron a esta mesa de trabajo Rafael Mu\u00f1iz Cruz, delegado de la Comisi\u00f3n Nacional para el Desarrollo de los Pueblos Ind\u00edgenas (CDI); Silvino Ch\u00e1vez Flores, director general de la Comisi\u00f3n Forestal del Estado (COFOM); Felipe de Jes\u00fas S\u00e1nchez Ramos, secretario t\u00e9cnico de la Secretar\u00eda de Comunicaciones y Obras P\u00fablicas (SCOP); Jos\u00e9 de Jes\u00fas Salvador Gonz\u00e1lez, jefe de tenencia, e Israel de la Cruz Mesa, comisariado de Bienes Comunales de Pich\u00e1taro, respectivamente<\/p>\n","protected":false},"excerpt":{"rendered":"<p>La Secretar\u00eda de Gobierno, en apego a las atribuciones conferidas en la Ley Org\u00e1nica de la Administraci\u00f3n P\u00fablica Estatal y en el \u00e1nimo de atender y dar cauce a las demandas de todos los grupos sociales con presencia en el estado, recibi\u00f3 este d\u00eda a una comisi\u00f3n de autoridades comunales y habitantes de Pich\u00e1taro, municipio de Tingambato.<\/p>\n","protected":false},"author":1,"featured_media":18161,"comment_status":"open","ping_status":"open","sticky":false,"template":"","format":"standard","meta":{"footnotes":""},"categories":[14,3],"tags":[],"class_list":["post-18160","post","type-post","status-publish","format-standard","has-post-thumbnail","hentry","category-destacadas","category-gobierno-del-estado-de-michoacan"],"_links":{"self":[{"href":"https:\/\/radiowebmx.com\/nota\/wp-json\/wp\/v2\/posts\/18160","targetHints":{"allow":["GET"]}}],"collection":[{"href":"https:\/\/radiowebmx.com\/nota\/wp-json\/wp\/v2\/posts"}],"about":[{"href":"https:\/\/radiowebmx.com\/nota\/wp-json\/wp\/v2\/types\/post"}],"author":[{"embeddable":true,"href":"https:\/\/radiowebmx.com\/nota\/wp-json\/wp\/v2\/users\/1"}],"replies":[{"embeddable":true,"href":"https:\/\/radiowebmx.com\/nota\/wp-json\/wp\/v2\/comments?post=18160"}],"version-history":[{"count":1,"href":"https:\/\/radiowebmx.com\/nota\/wp-json\/wp\/v2\/posts\/18160\/revisions"}],"predecessor-version":[{"id":18162,"href":"https:\/\/radiowebmx.com\/nota\/wp-json\/wp\/v2\/posts\/18160\/revisions\/18162"}],"wp:featuredmedia":[{"embeddable":true,"href":"https:\/\/radiowebmx.com\/nota\/wp-json\/wp\/v2\/media\/18161"}],"wp:attachment":[{"href":"https:\/\/radiowebmx.com\/nota\/wp-json\/wp\/v2\/media?parent=18160"}],"wp:term":[{"taxonomy":"category","embeddable":true,"href":"https:\/\/radiowebmx.com\/nota\/wp-json\/wp\/v2\/categories?post=18160"},{"taxonomy":"post_tag","embeddable":true,"href":"https:\/\/radiowebmx.com\/nota\/wp-json\/wp\/v2\/tags?post=18160"}],"curies":[{"name":"wp","href":"https:\/\/api.w.org\/{rel}","templated":true}]}}