{"id":18146,"date":"2015-09-22T22:30:14","date_gmt":"2015-09-23T03:30:14","guid":{"rendered":"https:\/\/radiowebmx.com\/nota\/?p=18146"},"modified":"2015-09-22T22:30:14","modified_gmt":"2015-09-23T03:30:14","slug":"morelia-sede-del-vii-congreso-mexicano-de-derecho-procesal-constitucional","status":"publish","type":"post","link":"https:\/\/radiowebmx.com\/nota\/morelia-sede-del-vii-congreso-mexicano-de-derecho-procesal-constitucional\/","title":{"rendered":"Morelia, sede del VII Congreso Mexicano de Derecho Procesal Constitucional"},"content":{"rendered":"<p>Con el objetivo de analizar la evoluci\u00f3n hist\u00f3rica de las reformas necesarias para la funcionalidad y el fortalecimiento del sistema constitucional mexicano -espec\u00edficamente en materia procesal-, se llevar\u00e1 a cabo el VII Congreso Mexicano de Derecho Procesal Constitucional del 27 al 29 de octubre en Morelia Michoac\u00e1n.<\/p>\n<p>&nbsp;<\/p>\n<p>El evento se realiza gracias a la organizaci\u00f3n colectiva del Poder Judicial de Michoac\u00e1n, el Instituto de Investigaciones Jur\u00eddicas de la Universidad Nacional Aut\u00f3noma de M\u00e9xico, el Instituto Mexicano de Derecho Procesal Constitucional, el Instituto Iberoamericano de Derecho Procesal Constitucional, el Colegio Nacional de Profesores de Derecho Procesal Constitucional \u201cCipriano G\u00f3mez Lara\u201d, el Ayuntamiento de Morelia y la Universidad Michoacana de San Nicol\u00e1s de Hidalgo.<\/p>\n<p>&nbsp;<\/p>\n<p>Dicho Congreso se enmarca en el Bicentenario de la instalaci\u00f3n del Primer Supremo Tribunal de Justicia de la Naci\u00f3n en Ario de Rosales y contar\u00e1 con la participaci\u00f3n reconocidos juristas de pa\u00edses como \u00a0Argentina, Per\u00fa, Chile, Bulgaria, Venezuela, Colombia, Panam\u00e1, Paraguay y M\u00e9xico.<\/p>\n<p>&nbsp;<\/p>\n<p>En total, ser\u00e1n once mesas de trabajo las que integren el Congreso, entre ellas destacan: Acciones de inconstitucionalidad y controversias constitucionales, Juicio pol\u00edtico y Ombudsman, Derecho procesal constitucional, Derecho procesal constitucional local y Jurisdicci\u00f3n, y Procesos constitucionales en materia electoral, por mencionar algunas.<\/p>\n<p>&nbsp;<\/p>\n<p>M\u00e1s adelante se dar\u00e1n a conocer los detalles de la inscripci\u00f3n al Congreso a trav\u00e9s de la p\u00e1gina: <a href=\"http:\/\/www.poderjudicialmichoacan.gob.mx\/\">www.poderjudicialmichoacan.gob.mx<\/a><\/p>\n<p>&nbsp;<\/p>\n","protected":false},"excerpt":{"rendered":"<p>Con el objetivo de analizar la evoluci\u00f3n hist\u00f3rica de las reformas necesarias para la funcionalidad y el fortalecimiento del sistema constitucional mexicano -espec\u00edficamente en materia procesal-, <\/p>\n","protected":false},"author":1,"featured_media":0,"comment_status":"open","ping_status":"open","sticky":false,"template":"","format":"standard","meta":{"footnotes":""},"categories":[3],"tags":[],"class_list":["post-18146","post","type-post","status-publish","format-standard","hentry","category-gobierno-del-estado-de-michoacan"],"_links":{"self":[{"href":"https:\/\/radiowebmx.com\/nota\/wp-json\/wp\/v2\/posts\/18146","targetHints":{"allow":["GET"]}}],"collection":[{"href":"https:\/\/radiowebmx.com\/nota\/wp-json\/wp\/v2\/posts"}],"about":[{"href":"https:\/\/radiowebmx.com\/nota\/wp-json\/wp\/v2\/types\/post"}],"author":[{"embeddable":true,"href":"https:\/\/radiowebmx.com\/nota\/wp-json\/wp\/v2\/users\/1"}],"replies":[{"embeddable":true,"href":"https:\/\/radiowebmx.com\/nota\/wp-json\/wp\/v2\/comments?post=18146"}],"version-history":[{"count":2,"href":"https:\/\/radiowebmx.com\/nota\/wp-json\/wp\/v2\/posts\/18146\/revisions"}],"predecessor-version":[{"id":18148,"href":"https:\/\/radiowebmx.com\/nota\/wp-json\/wp\/v2\/posts\/18146\/revisions\/18148"}],"wp:attachment":[{"href":"https:\/\/radiowebmx.com\/nota\/wp-json\/wp\/v2\/media?parent=18146"}],"wp:term":[{"taxonomy":"category","embeddable":true,"href":"https:\/\/radiowebmx.com\/nota\/wp-json\/wp\/v2\/categories?post=18146"},{"taxonomy":"post_tag","embeddable":true,"href":"https:\/\/radiowebmx.com\/nota\/wp-json\/wp\/v2\/tags?post=18146"}],"curies":[{"name":"wp","href":"https:\/\/api.w.org\/{rel}","templated":true}]}}