{"id":18132,"date":"2015-09-21T11:45:04","date_gmt":"2015-09-21T16:45:04","guid":{"rendered":"https:\/\/radiowebmx.com\/nota\/?p=18132"},"modified":"2015-09-21T11:45:04","modified_gmt":"2015-09-21T16:45:04","slug":"celebran-a-uno-de-los-mayores-orgullos-del-estado-el-artesano-michoacano","status":"publish","type":"post","link":"https:\/\/radiowebmx.com\/nota\/celebran-a-uno-de-los-mayores-orgullos-del-estado-el-artesano-michoacano\/","title":{"rendered":"CELEBRAN A UNO DE LOS MAYORES ORGULLOS DEL ESTADO, EL ARTESANO MICHOACANO"},"content":{"rendered":"<p>M\u00e1s de 3 mil 500 artesanas y artesanos de todas las regiones del estado se dieron cita en esta comunidad de la Ca\u00f1ada de los Once Pueblos para celebrar el D\u00eda del Artesano Michoacano, acto encabezado por el gobernador Salvador Jara Guerrero y su esposa Catherine Ettinger, donde se exalt\u00f3 la labor de quienes con su creatividad, pasi\u00f3n y dedicaci\u00f3n enorgullecen a Michoac\u00e1n y lo colocan como una de las entidades con mayor riqueza artesanal del pa\u00eds.<\/p>\n<p>Hu\u00e1ncito se visti\u00f3 de fiesta desde temprana hora, con el paso de los 68 continentes de igual n\u00famero de comunidades que desfilaron por las calles principales acompa\u00f1ados de bandas de viento y toritos, en los que mujeres ataviadas a la usanza pur\u00e9pecha, bailaban regalando peque\u00f1as piezas artesanales a los visitantes.<\/p>\n<p>En este festejo, donde se entregaron reconocimientos a 52 art\u00edfices por su trayectoria de m\u00e1s de 25 a\u00f1os y su empe\u00f1o en mantener viva la tradici\u00f3n artesanal, el gobernador Salvador Jara destac\u00f3 que cada pieza creada es \u00fanica y debe fomentarse el consumo artesanal, pero en el sentido de hacer uso de esas creaciones en la vida cotidiana, no \u00fanicamente como art\u00edculos decorativos.<\/p>\n<p>En ese tenor, llam\u00f3 a las y los michoacanos a modificar nuestra cultura para utilizar las artesan\u00edas, portar con orgullo las prendas tradicionales y disfrutar a\u00fan m\u00e1s de los platillos que se cocinan en las diferentes regiones del estado.<\/p>\n<p>Por su parte, el director del Instituto del Artesano Michoacano (IAM), Rafael Paz Vega, se\u00f1al\u00f3 que en cumplimiento a la Ley de Fomento y Desarrollo Artesanal se realiza este festejo honrando a cada uno de las y los artesanos que manifiestan su creatividad a trav\u00e9s de sus manos y en cada pieza reflejan el rostro y el coraz\u00f3n de sus comunidades; &#8220;son un tesoro preciado que debemos reconocer, preservar y difundir&#8221;, exclam\u00f3.<\/p>\n<p>Refiri\u00f3 que el pasado 15 de agosto el IAM emiti\u00f3 la convocatoria a las diversas comunidades para que eligieran a quienes desearan reconocer por sus logros, talentos, aportaciones y trayectoria en el quehacer artesanal, de ah\u00ed que fueron seleccionados 52 hombres y mujeres, entre los cuales de manera significativa, el gobernador Jara Guerrero entreg\u00f3 el Galard\u00f3n al M\u00e9rito Artesanal a 18 creadores de las diferentes ramas.<\/p>\n<p>Paz Vega destac\u00f3 que este a\u00f1o, con el apoyo del gobierno federal a trav\u00e9s del Fondo Nacional de Fomento a la Artesan\u00eda (Fonart), la Secretar\u00eda de Turismo y la Comisi\u00f3n Nacional para el Desarrollo de los Pueblos Ind\u00edgenas (CDI), el IAM logr\u00f3 realizar m\u00e1s de 200 concursos y beneficiar a casi 13 mil artesanos y artesanas con apoyos diversos.<\/p>\n<p>Insisti\u00f3 en que el sector requiere y necesita una comunidad artesanal unida y dispuesta a compartir gustos, logros e intereses, poniendo el inter\u00e9s colectivo sobre el inter\u00e9s individual.<\/p>\n<p>En su intervenci\u00f3n, la presidenta de la Uni\u00f3n Estatal de Artesanos del Estado de Michoac\u00e1n, Emilia Reyes Oseguera, agradeci\u00f3 al gobernador Salvador Jara por la atenci\u00f3n que ha prestado a las y los art\u00edfices, por escucharlos y tambi\u00e9n por apreciar la artesan\u00eda que se elabora\u00a0 en la entidad, al tiempo que solicit\u00f3 a las y los diputados presentes que se revisen sus opiniones respecto a la Ley de Fomento y Desarrollo Artesanal, ya que consider\u00f3, no fueron escuchadas sus demandas y es necesaria una reforma a dicha legislaci\u00f3n.<\/p>\n<p>Al respecto, el jefe del Ejecutivo estatal manifest\u00f3 que en atenci\u00f3n a sus peticiones, se realizaron foros regionales donde las y los creadores compartieron opiniones y sugerencias respecto de la normativa en cuesti\u00f3n, cuyas conclusiones saldr\u00e1n en los pr\u00f3ximos d\u00edas y si bien quiz\u00e1 su periodo ya no alcance para hacer las gestiones pertinentes respecto de los cambios que solicitan, pidi\u00f3 a los representantes del Poder Legislativo ser sensibles y tomar en cuenta las conclusiones.<\/p>\n<p>Como anfitri\u00f3n de este festejo, Mario Silva Amezcua, presidente municipal de Chilchota, celebr\u00f3 que su municipio haya sido elegido para ser sede de esta conmemoraci\u00f3n, sobre todo porque Hu\u00e1ncito y Chilchota son pueblos de gente trabajadora y con destacada trayectoria artesanal.<\/p>\n<p>Tambi\u00e9n, a nombre de los art\u00edfices, Juana Bravo L\u00e1zaro, artesana textilera de la comunidad de Angahuan, pidi\u00f3 a las autoridades que contin\u00faen y se incrementen los apoyos al sector, sobre todo en lo que respecta a la capacitaci\u00f3n a los j\u00f3venes &#8220;para que estas tradiciones no se pierdan&#8221;.<\/p>\n<p>En esta celebraci\u00f3n se premi\u00f3 adem\u00e1s a tres de los 68 contingentes: el de Tzintzuntzan, el de Tzurum\u00fataro y el de Patamban, por ser los m\u00e1s representativos y alegres.<\/p>\n<p>Estuvieron presentes en este festejo, Martha Josefina Rodr\u00edguez Casillas, secretaria de Pueblos Ind\u00edgenas; las diputadas locales Juanita Noem\u00ed Ram\u00edrez Bravo y Adriana Campos Huirache; Jos\u00e9 Guadalupe Hern\u00e1ndez Alcal\u00e1, diputado federal; Rafael Mu\u00f1iz Cruz, delegado federal de la CDI; Miguel Ildefonso Mares Chapa, delegado federal de Profeco; V\u00edctor Manuel Tapia Casta\u00f1eda, delegado federal de Sedesol; Hugo Gama Coria, representante del gobernador electo Silvano Aureoles Conejo; Eligio Felipe Maga\u00f1a, jefe de tenencia de Hu\u00e1ncito; as\u00ed como los ediles de Zamora, Jos\u00e9 Carlos Lugo God\u00ednez, y Juan Manuel Estrada Medina, de La Piedad, por mencionar algunos.<\/p>\n","protected":false},"excerpt":{"rendered":"<p>M\u00e1s de 3 mil 500 artesanas y artesanos de todas las regiones del estado se dieron cita en esta comunidad de la Ca\u00f1ada de los Once Pueblos para celebrar el D\u00eda del Artesano Michoacano, acto encabezado por el gobernador Salvador Jara Guerrero y su esposa Catherine Ettinger, <\/p>\n","protected":false},"author":1,"featured_media":18133,"comment_status":"open","ping_status":"open","sticky":false,"template":"","format":"standard","meta":{"footnotes":""},"categories":[14,3],"tags":[],"class_list":["post-18132","post","type-post","status-publish","format-standard","has-post-thumbnail","hentry","category-destacadas","category-gobierno-del-estado-de-michoacan"],"_links":{"self":[{"href":"https:\/\/radiowebmx.com\/nota\/wp-json\/wp\/v2\/posts\/18132","targetHints":{"allow":["GET"]}}],"collection":[{"href":"https:\/\/radiowebmx.com\/nota\/wp-json\/wp\/v2\/posts"}],"about":[{"href":"https:\/\/radiowebmx.com\/nota\/wp-json\/wp\/v2\/types\/post"}],"author":[{"embeddable":true,"href":"https:\/\/radiowebmx.com\/nota\/wp-json\/wp\/v2\/users\/1"}],"replies":[{"embeddable":true,"href":"https:\/\/radiowebmx.com\/nota\/wp-json\/wp\/v2\/comments?post=18132"}],"version-history":[{"count":1,"href":"https:\/\/radiowebmx.com\/nota\/wp-json\/wp\/v2\/posts\/18132\/revisions"}],"predecessor-version":[{"id":18134,"href":"https:\/\/radiowebmx.com\/nota\/wp-json\/wp\/v2\/posts\/18132\/revisions\/18134"}],"wp:featuredmedia":[{"embeddable":true,"href":"https:\/\/radiowebmx.com\/nota\/wp-json\/wp\/v2\/media\/18133"}],"wp:attachment":[{"href":"https:\/\/radiowebmx.com\/nota\/wp-json\/wp\/v2\/media?parent=18132"}],"wp:term":[{"taxonomy":"category","embeddable":true,"href":"https:\/\/radiowebmx.com\/nota\/wp-json\/wp\/v2\/categories?post=18132"},{"taxonomy":"post_tag","embeddable":true,"href":"https:\/\/radiowebmx.com\/nota\/wp-json\/wp\/v2\/tags?post=18132"}],"curies":[{"name":"wp","href":"https:\/\/api.w.org\/{rel}","templated":true}]}}