{"id":18123,"date":"2015-09-21T11:31:40","date_gmt":"2015-09-21T16:31:40","guid":{"rendered":"https:\/\/radiowebmx.com\/nota\/?p=18123"},"modified":"2015-09-21T11:31:40","modified_gmt":"2015-09-21T16:31:40","slug":"promueve-ayuntamiento-de-morelia-conservacion-de-ecosistemas-en-el-municipio","status":"publish","type":"post","link":"https:\/\/radiowebmx.com\/nota\/promueve-ayuntamiento-de-morelia-conservacion-de-ecosistemas-en-el-municipio\/","title":{"rendered":"Promueve Ayuntamiento de Morelia conservaci\u00f3n de ecosistemas en el municipio"},"content":{"rendered":"<p>Acompa\u00f1ado por integrantes del Ayuntamiento de Morelia y miembros de su gabinete, el presidente municipal de Morelia, Alfonso Mart\u00ednez Alc\u00e1zar, visit\u00f3 el manantial de La Mintzita en donde se pronunci\u00f3 a favor de promover pol\u00edticas p\u00fablicas que garanticen el cuidado de los ecosistemas y generen un crecimiento urbano ordenado, que no afecten el medio ambiente.<\/p>\n<p>El alcalde supervis\u00f3 los trabajos de limpieza del manantial a cargo de personal de Ooapas, quienes en lanchas y con herramienta especial, extrajeron decenas de metros c\u00fabicos de lirios acu\u00e1ticos; posteriormente, Alfonso Mart\u00ednez encabez\u00f3 las faenas de reforestaci\u00f3n en este lugar.<\/p>\n<p>El Alcalde Independiente \u00a0recorri\u00f3 el parque y escuch\u00f3 la exposici\u00f3n que acad\u00e9micos de la Universidad Michoacana de San Nicol\u00e1s de Hidalgo y especialistas de la Direcci\u00f3n de Medio Ambiente de Morelia, hicieron respecto al impacto ambiental que ha tenido el hombre en esta zona al Sur de la capital.<\/p>\n<p>Da acuerdo con informes de la instancia municipal, en La Mintzita se encuentran varias especies de peces, plantas y aves en peligro de extinci\u00f3n, por lo que es necesario implementar medidas para mantener estos ecosistemas.<\/p>\n<p>En respuesta, Alfonso Mart\u00ednez instruy\u00f3 a las dependencias municipales involucradas, a revisar a detalle esta situaci\u00f3n y ofrecer alternativas que permitan conservar este ecosistema.<\/p>\n<p>Indic\u00f3 que la actual Administraci\u00f3n tiene una conciencia ambiental en los proyectos que genere, por lo que no permitir\u00e1 el crecimiento de la mancha urbana en zonas cuyo impacto ambiental ser\u00e1 irreversible.<\/p>\n<p>Se pronunci\u00f3 a favor de implementar pol\u00edticas a favor de La Mintzita y ofreci\u00f3 todo el apoyo del Gobierno para que este lugar conserve su atractivo ecol\u00f3gico.<\/p>\n","protected":false},"excerpt":{"rendered":"<p>Acompa\u00f1ado por integrantes del Ayuntamiento de Morelia y miembros de su gabinete, el presidente municipal de Morelia, AMA, visit\u00f3 el manantial de La Mintzita en donde se pronunci\u00f3 a favor de promover pol\u00edticas p\u00fablicas que garanticen el cuidado de los ecosistemas y generen un crecimiento urbano ordenado, <\/p>\n","protected":false},"author":1,"featured_media":18124,"comment_status":"open","ping_status":"open","sticky":false,"template":"","format":"standard","meta":{"footnotes":""},"categories":[14,9],"tags":[],"class_list":["post-18123","post","type-post","status-publish","format-standard","has-post-thumbnail","hentry","category-destacadas","category-morelia"],"_links":{"self":[{"href":"https:\/\/radiowebmx.com\/nota\/wp-json\/wp\/v2\/posts\/18123","targetHints":{"allow":["GET"]}}],"collection":[{"href":"https:\/\/radiowebmx.com\/nota\/wp-json\/wp\/v2\/posts"}],"about":[{"href":"https:\/\/radiowebmx.com\/nota\/wp-json\/wp\/v2\/types\/post"}],"author":[{"embeddable":true,"href":"https:\/\/radiowebmx.com\/nota\/wp-json\/wp\/v2\/users\/1"}],"replies":[{"embeddable":true,"href":"https:\/\/radiowebmx.com\/nota\/wp-json\/wp\/v2\/comments?post=18123"}],"version-history":[{"count":1,"href":"https:\/\/radiowebmx.com\/nota\/wp-json\/wp\/v2\/posts\/18123\/revisions"}],"predecessor-version":[{"id":18125,"href":"https:\/\/radiowebmx.com\/nota\/wp-json\/wp\/v2\/posts\/18123\/revisions\/18125"}],"wp:featuredmedia":[{"embeddable":true,"href":"https:\/\/radiowebmx.com\/nota\/wp-json\/wp\/v2\/media\/18124"}],"wp:attachment":[{"href":"https:\/\/radiowebmx.com\/nota\/wp-json\/wp\/v2\/media?parent=18123"}],"wp:term":[{"taxonomy":"category","embeddable":true,"href":"https:\/\/radiowebmx.com\/nota\/wp-json\/wp\/v2\/categories?post=18123"},{"taxonomy":"post_tag","embeddable":true,"href":"https:\/\/radiowebmx.com\/nota\/wp-json\/wp\/v2\/tags?post=18123"}],"curies":[{"name":"wp","href":"https:\/\/api.w.org\/{rel}","templated":true}]}}