{"id":18117,"date":"2015-09-21T11:27:28","date_gmt":"2015-09-21T16:27:28","guid":{"rendered":"https:\/\/radiowebmx.com\/nota\/?p=18117"},"modified":"2015-09-21T11:27:28","modified_gmt":"2015-09-21T16:27:28","slug":"mantener-limpia-a-morelia-es-responsabilidad-de-todos-alfonso-martinez","status":"publish","type":"post","link":"https:\/\/radiowebmx.com\/nota\/mantener-limpia-a-morelia-es-responsabilidad-de-todos-alfonso-martinez\/","title":{"rendered":"Mantener limpia a Morelia, es responsabilidad de todos: Alfonso Mart\u00ednez"},"content":{"rendered":"<p>En el arranque de la jornada\u00a0 &#8220;Limpiemos nuestro M\u00e9xico 2015&#8221;, celebrado durante este domingo en la capital de Michoac\u00e1n, el presidente municipal de Morelia Alfonso Mart\u00ednez Alc\u00e1zar, destac\u00f3 que la responsabilidad de mantener limpia la ciudad, es tarea de todos los ciudadanos.<\/p>\n<p>Ante autoridades de los tres niveles de Gobierno, el Alcalde de la capital reconoci\u00f3 que la participaci\u00f3n ciudadana es determinante en las tareas de limpieza en el municipio, ya que en la medida que los habitantes tomen conciencia y eviten tirar basura en las calles, tendremos una ciudad m\u00e1s limpia y sin problemas derivados por la acumulaci\u00f3n de residuos s\u00f3lidos, se\u00f1al\u00f3.<\/p>\n<p>En este sentido, Alfonso Mart\u00ednez reconoci\u00f3 que por sus condiciones, Morelia es una ciudad propicia a las inundaciones, y esto se debe al taponamiento por basura en los sistemas de drenaje y r\u00edos.<\/p>\n<p>&#8220;Reducir las afectaciones de este tipo, no es responsabilidad \u00fanicamente de la Direccion de Aseo P\u00fablico, sino de todos como ciudadanos. Debemos participar activamente y colocar nuestra basura en el lugar que le corresponde y con ello lograremos posicionar a Morelia como una ciudad de las m\u00e1s limpias en todo el Pa\u00eds&#8221;, subray\u00f3.<\/p>\n<p>Luego del arranque de esta jornada, el Alcalde Alfonso Mart\u00ednez se traslad\u00f3 a la comunidad La Mintzita, en donde encabez\u00f3 la jornada de reforestaci\u00f3n y de supervisi\u00f3n de la limpieza del manantial.<\/p>\n<p>Cabe se\u00f1alar que a dicha jornada, acompa\u00f1aron al Alcalde, regidores, as\u00ed como secretarios y funcionarios municipales de diversas \u00e1reas del municipio.<\/p>\n","protected":false},"excerpt":{"rendered":"<p>En el arranque de la jornada  &#8220;Limpiemos nuestro M\u00e9xico 2015&#8221;, celebrado durante este domingo en la capital de Michoac\u00e1n, el presidente municipal de Morelia Alfonso Mart\u00ednez Alc\u00e1zar, destac\u00f3 que la responsabilidad de mantener limpia la ciudad, es tarea de todos los ciudadanos.<\/p>\n","protected":false},"author":1,"featured_media":18118,"comment_status":"open","ping_status":"open","sticky":false,"template":"","format":"standard","meta":{"footnotes":""},"categories":[14,9],"tags":[],"class_list":["post-18117","post","type-post","status-publish","format-standard","has-post-thumbnail","hentry","category-destacadas","category-morelia"],"_links":{"self":[{"href":"https:\/\/radiowebmx.com\/nota\/wp-json\/wp\/v2\/posts\/18117","targetHints":{"allow":["GET"]}}],"collection":[{"href":"https:\/\/radiowebmx.com\/nota\/wp-json\/wp\/v2\/posts"}],"about":[{"href":"https:\/\/radiowebmx.com\/nota\/wp-json\/wp\/v2\/types\/post"}],"author":[{"embeddable":true,"href":"https:\/\/radiowebmx.com\/nota\/wp-json\/wp\/v2\/users\/1"}],"replies":[{"embeddable":true,"href":"https:\/\/radiowebmx.com\/nota\/wp-json\/wp\/v2\/comments?post=18117"}],"version-history":[{"count":2,"href":"https:\/\/radiowebmx.com\/nota\/wp-json\/wp\/v2\/posts\/18117\/revisions"}],"predecessor-version":[{"id":18120,"href":"https:\/\/radiowebmx.com\/nota\/wp-json\/wp\/v2\/posts\/18117\/revisions\/18120"}],"wp:featuredmedia":[{"embeddable":true,"href":"https:\/\/radiowebmx.com\/nota\/wp-json\/wp\/v2\/media\/18118"}],"wp:attachment":[{"href":"https:\/\/radiowebmx.com\/nota\/wp-json\/wp\/v2\/media?parent=18117"}],"wp:term":[{"taxonomy":"category","embeddable":true,"href":"https:\/\/radiowebmx.com\/nota\/wp-json\/wp\/v2\/categories?post=18117"},{"taxonomy":"post_tag","embeddable":true,"href":"https:\/\/radiowebmx.com\/nota\/wp-json\/wp\/v2\/tags?post=18117"}],"curies":[{"name":"wp","href":"https:\/\/api.w.org\/{rel}","templated":true}]}}