{"id":18082,"date":"2015-09-18T12:45:46","date_gmt":"2015-09-18T17:45:46","guid":{"rendered":"https:\/\/radiowebmx.com\/nota\/?p=18082"},"modified":"2015-09-18T12:45:46","modified_gmt":"2015-09-18T17:45:46","slug":"aprueban-comision-especial-dictaminadora-de-trabajos-del-proceso-entrega-recepcion-del-ayuntamiento-de-morelia","status":"publish","type":"post","link":"https:\/\/radiowebmx.com\/nota\/aprueban-comision-especial-dictaminadora-de-trabajos-del-proceso-entrega-recepcion-del-ayuntamiento-de-morelia\/","title":{"rendered":"Aprueban Comisi\u00f3n Especial Dictaminadora de trabajos del proceso entrega recepci\u00f3n del Ayuntamiento de Morelia"},"content":{"rendered":"<p>Por unanimidad, el Ayuntamiento de Morelia aprob\u00f3 en sesi\u00f3n extraordinaria la conformaci\u00f3n de la comisi\u00f3n especial\u00a0 dictaminadora del proceso entrega-recepci\u00f3n de la Administraci\u00f3n P\u00fablica Municipal 2012-2015.<\/p>\n<p>Cabe recordar que dicha comisi\u00f3n buscar\u00e1 en un plazo\u00a0m\u00e1ximo de \u00a025 veinticinco d\u00edas naturales realizar un dictamen del documento entregado por la pasada administraci\u00f3n municipal y posteriormente se someter\u00e1 dentro de los 10 d\u00edas naturales siguientes al conocimiento y consideraci\u00f3n al Ayuntamiento, el cual deber\u00e1 aprobarlo dentro de los 5 d\u00edas naturales siguientes para los efectos correspondientes<\/p>\n<p>Durante la sesi\u00f3n, qued\u00f3 conformado dicho grupo de trabajo por el Presidente Municipal, Alfonso Mart\u00ednez Alc\u00e1zar; el S\u00edndico, Fabio Sistos Rangel; el Secretario del Ayuntamiento, Jes\u00fas \u00c1valos Rangel; el Secretario de Administraci\u00f3n, Yankel Ben\u00edtez Silva; el Tesorero, Alberto Guzm\u00e1n D\u00edaz;\u00a0el encargado de despacho del Comit\u00e9 de Planeaci\u00f3n para el Desarrollo del Municipio de Morelia (Coplademun), Jos\u00e9 Antonio Plaza Urbina.<\/p>\n<p>Tambi\u00e9n estar\u00e1 integrado por el encargado de despacho de la Contralor\u00eda, Jorge Atienzo Zavala, los regidores Fernando Rodr\u00edguez Herrej\u00f3n, Alma Bahena Villalobos, Jorge Luis Tinoco Ortiz, Germ\u00e1n Ireta Lino y Osvaldo Ruiz Ram\u00edrez.<\/p>\n<p>Asimismo, estar\u00e1n de igual manera conformado por el presidente de la Barra michoacana de Abogados, Armando Ornelas Celis; el Presidente del Colegio de Arquitectos,\u00a0Carlos Eduardo Mendoza Rosales; el apoderado legal, Norberto Bedolla Rend\u00f3n; el Contador P\u00fablico, Javier Elliot Olmedo Castillo y el asesor, Max Kaiser Aranda, especialista en anticorrupci\u00f3n y transparencia.<\/p>\n","protected":false},"excerpt":{"rendered":"<p>Por unanimidad, el Ayuntamiento de Morelia aprob\u00f3 en sesi\u00f3n extraordinaria la conformaci\u00f3n de la comisi\u00f3n especial  dictaminadora del proceso entrega-recepci\u00f3n de la Administraci\u00f3n P\u00fablica Municipal 2012-2015.<\/p>\n","protected":false},"author":1,"featured_media":18083,"comment_status":"open","ping_status":"open","sticky":false,"template":"","format":"standard","meta":{"footnotes":""},"categories":[14,9],"tags":[],"class_list":["post-18082","post","type-post","status-publish","format-standard","has-post-thumbnail","hentry","category-destacadas","category-morelia"],"_links":{"self":[{"href":"https:\/\/radiowebmx.com\/nota\/wp-json\/wp\/v2\/posts\/18082","targetHints":{"allow":["GET"]}}],"collection":[{"href":"https:\/\/radiowebmx.com\/nota\/wp-json\/wp\/v2\/posts"}],"about":[{"href":"https:\/\/radiowebmx.com\/nota\/wp-json\/wp\/v2\/types\/post"}],"author":[{"embeddable":true,"href":"https:\/\/radiowebmx.com\/nota\/wp-json\/wp\/v2\/users\/1"}],"replies":[{"embeddable":true,"href":"https:\/\/radiowebmx.com\/nota\/wp-json\/wp\/v2\/comments?post=18082"}],"version-history":[{"count":1,"href":"https:\/\/radiowebmx.com\/nota\/wp-json\/wp\/v2\/posts\/18082\/revisions"}],"predecessor-version":[{"id":18084,"href":"https:\/\/radiowebmx.com\/nota\/wp-json\/wp\/v2\/posts\/18082\/revisions\/18084"}],"wp:featuredmedia":[{"embeddable":true,"href":"https:\/\/radiowebmx.com\/nota\/wp-json\/wp\/v2\/media\/18083"}],"wp:attachment":[{"href":"https:\/\/radiowebmx.com\/nota\/wp-json\/wp\/v2\/media?parent=18082"}],"wp:term":[{"taxonomy":"category","embeddable":true,"href":"https:\/\/radiowebmx.com\/nota\/wp-json\/wp\/v2\/categories?post=18082"},{"taxonomy":"post_tag","embeddable":true,"href":"https:\/\/radiowebmx.com\/nota\/wp-json\/wp\/v2\/tags?post=18082"}],"curies":[{"name":"wp","href":"https:\/\/api.w.org\/{rel}","templated":true}]}}