{"id":18072,"date":"2015-09-18T11:29:13","date_gmt":"2015-09-18T16:29:13","guid":{"rendered":"https:\/\/radiowebmx.com\/nota\/?p=18072"},"modified":"2015-09-18T11:29:13","modified_gmt":"2015-09-18T16:29:13","slug":"experiencia-y-profesionalismo-de-jesus-sierra-aportaran-al-fortalecimiento-de-las-acciones-del-consejo-para-el-nuevo-sistema-de-justicia-penal-en-michoacan","status":"publish","type":"post","link":"https:\/\/radiowebmx.com\/nota\/experiencia-y-profesionalismo-de-jesus-sierra-aportaran-al-fortalecimiento-de-las-acciones-del-consejo-para-el-nuevo-sistema-de-justicia-penal-en-michoacan\/","title":{"rendered":"Experiencia y profesionalismo de Jes\u00fas Sierra aportar\u00e1n al fortalecimiento de las acciones del Consejo para el nuevo sistema de justicia penal en Michoac\u00e1n"},"content":{"rendered":"<p>Los trabajos del consejo implementador del nuevo sistema de justicia penal se ver\u00e1n fortalecidos con la experiencia profesional con que cuenta el nuevo secretario ejecutivo, se\u00f1al\u00f3 Juan Antonio Maga\u00f1a de la Mora, presidente del Poder Judicial de Michoac\u00e1n y del Consejo para el nuevo sistema de justicia penal, al designar este d\u00eda a J. Jes\u00fas Sierra Arias como titular de dicha Secretar\u00eda.<\/p>\n<p>El primer gran reto que enfrenta el Consejo es concluir con \u00e9xito la implementaci\u00f3n en las tres regiones del estado programadas para 2016, y el profesionalismo con que Sierra Arias ha desempe\u00f1ado sus encargos, aportar\u00e1 al buen desarrollo de esta labor, coment\u00f3 Maga\u00f1a de la Mora.<\/p>\n<p>El reci\u00e9n nombrado secretario ejecutivo fue Consejero del Poder Judicial de Michoac\u00e1n en dos ocasiones y miembro fundador del Consejo para el nuevo sistema de justicia penal en el estado, en donde inici\u00f3 los trabajos de implementaci\u00f3n.<\/p>\n<p>Asimismo, particip\u00f3 en jornadas acad\u00e9micas que vinieron a fortalecer la labor que actualmente se desarrolla en el Consejo; adem\u00e1s de realizar visitas a diversas entidades para conocer el funcionamiento de dicho sistema; y participar en la redacci\u00f3n de la normativa estatal, la Constituci\u00f3n y leyes que dan soporte a esta nueva forma de impartir justicia.<\/p>\n<p>Al presentarlo ante el equipo de trabajo de la Secretar\u00eda Ejecutiva, Maga\u00f1a de la Mora refiri\u00f3 que la dedicaci\u00f3n y esfuerzo de Sierra Arias aport\u00f3 para que la Reforma Penal pudiera caminar en la entidad. \u201cHoy viene nuevamente a sumarse al proyecto y s\u00e9 que lo realizar\u00e1 con empe\u00f1o y responsabilidad como siempre lo ha hecho\u201d.<\/p>\n<p>Jes\u00fas Sierra es licenciado en Derecho por la Universidad Aut\u00f3noma del Estado de M\u00e9xico\u00a0 y candidato a maestro en Derecho Constitucional por la Universidad Latina de Am\u00e9rica. Cuenta con amplia experiencia en la Administraci\u00f3n P\u00fablica, desempe\u00f1ando diversos cargos en los gobiernos de Chiapas, Estado de M\u00e9xico y Michoac\u00e1n, as\u00ed como en la Federaci\u00f3n.<\/p>\n<p>Ha participado en diplomados de la Facultad Latinoamericana de Ciencias Sociales sede M\u00e9xico (FLACSO) y la Universidad Latina de Am\u00e9rica; y como catedr\u00e1tico ha impartido las materias de Derecho Constitucional, as\u00ed como Sistema Electoral y Partidos Pol\u00edticos en la Universidad Nova Spania y en la Facultad de Derecho de la Universidad de Michoacana de San Nicol\u00e1s de Hidalgo.<\/p>\n","protected":false},"excerpt":{"rendered":"<p>Los trabajos del consejo implementador del nuevo sistema de justicia penal se ver\u00e1n fortalecidos con la experiencia profesional con que cuenta el nuevo secretario ejecutivo, se\u00f1al\u00f3 Juan Antonio Maga\u00f1a de la Mora, <\/p>\n","protected":false},"author":1,"featured_media":18073,"comment_status":"open","ping_status":"open","sticky":false,"template":"","format":"standard","meta":{"footnotes":""},"categories":[14,3],"tags":[],"class_list":["post-18072","post","type-post","status-publish","format-standard","has-post-thumbnail","hentry","category-destacadas","category-gobierno-del-estado-de-michoacan"],"_links":{"self":[{"href":"https:\/\/radiowebmx.com\/nota\/wp-json\/wp\/v2\/posts\/18072","targetHints":{"allow":["GET"]}}],"collection":[{"href":"https:\/\/radiowebmx.com\/nota\/wp-json\/wp\/v2\/posts"}],"about":[{"href":"https:\/\/radiowebmx.com\/nota\/wp-json\/wp\/v2\/types\/post"}],"author":[{"embeddable":true,"href":"https:\/\/radiowebmx.com\/nota\/wp-json\/wp\/v2\/users\/1"}],"replies":[{"embeddable":true,"href":"https:\/\/radiowebmx.com\/nota\/wp-json\/wp\/v2\/comments?post=18072"}],"version-history":[{"count":1,"href":"https:\/\/radiowebmx.com\/nota\/wp-json\/wp\/v2\/posts\/18072\/revisions"}],"predecessor-version":[{"id":18074,"href":"https:\/\/radiowebmx.com\/nota\/wp-json\/wp\/v2\/posts\/18072\/revisions\/18074"}],"wp:featuredmedia":[{"embeddable":true,"href":"https:\/\/radiowebmx.com\/nota\/wp-json\/wp\/v2\/media\/18073"}],"wp:attachment":[{"href":"https:\/\/radiowebmx.com\/nota\/wp-json\/wp\/v2\/media?parent=18072"}],"wp:term":[{"taxonomy":"category","embeddable":true,"href":"https:\/\/radiowebmx.com\/nota\/wp-json\/wp\/v2\/categories?post=18072"},{"taxonomy":"post_tag","embeddable":true,"href":"https:\/\/radiowebmx.com\/nota\/wp-json\/wp\/v2\/tags?post=18072"}],"curies":[{"name":"wp","href":"https:\/\/api.w.org\/{rel}","templated":true}]}}