{"id":18068,"date":"2015-09-18T11:26:56","date_gmt":"2015-09-18T16:26:56","guid":{"rendered":"https:\/\/radiowebmx.com\/nota\/?p=18068"},"modified":"2015-09-18T11:26:56","modified_gmt":"2015-09-18T16:26:56","slug":"beatriz-resendiz-representara-a-morelia-en-los-juegos-globales-mundiales-2015","status":"publish","type":"post","link":"https:\/\/radiowebmx.com\/nota\/beatriz-resendiz-representara-a-morelia-en-los-juegos-globales-mundiales-2015\/","title":{"rendered":"Beatriz Res\u00e9ndiz representar\u00e1 a Morelia en los Juegos Globales Mundiales 2015"},"content":{"rendered":"<p style=\"text-align: left;\">La sirena moreliana y campeona parapanamericana en Toronto 2015, Beatriz Res\u00e9ndiz, se report\u00f3 lista para participar en los Juegos Globales Mundiales 2015, los cuales se disputar\u00e1n en Ecuador del 20 al 27 de septiembre, en lo que ser\u00e1 el inicio de su preparaci\u00f3n en la b\u00fasqueda del boleto a los Juegos Paral\u00edmpicos de Rio de Janeiro 2016.<\/p>\n<p>Despu\u00e9s de su consagraci\u00f3n continental al colgarse la medalla de oro en la prueba de 200 metros libres en los Juegos Parapanamericanos de Toronto 2015, Beatriz Res\u00e9ndiz, acudir\u00e1 a Quito, Ecuador, en donde se desarrollar\u00e1 la justa organizada por la Federaci\u00f3n Internacional de Deportes para Personas con Discapacidad Intelectual (INAS-FID, por sus siglas en ingl\u00e9s).<\/p>\n<p>La sirena moreliana \u00a0llega a esta competencia con la intenci\u00f3n de foguearse con rivales de Europa, Asia, \u00c1frica y Ocean\u00eda, en la b\u00fasqueda por \u00a0mejorar su marca y pensar as\u00ed en una eventual clasificaci\u00f3n a los Juegos Paral\u00edmpicos de Rio de Janeiro 2016.<\/p>\n<p>\u201cNuestro selectivo para los Juegos Paral\u00edmpicos es para el mes de noviembre en, M\u00e9rida Yucat\u00e1n, ah\u00ed buscar\u00e9 mejorar mi marca, aunque tengo entendido que con mi registro actual ya ser\u00eda suficiente, pero no queremos dejar lugar a dudas de que nos merecemos ese boleto a Rio\u201d, asegur\u00f3 la sirena moreliana.<\/p>\n<p>Res\u00e9ndiz Garc\u00eda, quien entrena bajo la batuta de Juan Carlos T\u00e9llez de forma extenuante en el Complejo Acu\u00e1tico \u201cMedallistas Paral\u00edmpicos\u201d de la unidad deportiva Morelos-Indeco, se dijo estar preparada para la justa.<\/p>\n<p>\u201cEstamos trabajando con esa idea de lograr el pase a los Juegos Paral\u00edmpicos, como te dec\u00eda el tiempo yo ya lo tengo, pero aun as\u00ed, debo reafirmar mi marca\u201d.<\/p>\n<p>Res\u00e9ndiz Garc\u00eda viajar\u00e1 a tierras sudamericanas el pr\u00f3ximo jueves, en donde buscar\u00e1 acoplarse r\u00e1pidamente a las condiciones de la ciudad de Quito, para afrontar las dos pruebas en cuales participar\u00e1, que son los 200 y 800 metros estilo libre, el 22 de septiembre.<\/p>\n<p>\u201cDesde que estaba chiquita y entr\u00e9 a la nataci\u00f3n, mi ilusi\u00f3n siempre fue ir a unos Juegos, es el sue\u00f1o de cualquier deportista, me gustar\u00eda participar para poder dar lo mejor de m\u00ed y poner en alto el nombre de M\u00e9xico y de Morelia\u201d, coment\u00f3 la nadadora.<\/p>\n","protected":false},"excerpt":{"rendered":"<p>La sirena moreliana y campeona parapanamericana en Toronto 2015, Beatriz Res\u00e9ndiz, se report\u00f3 lista para participar en los Juegos Globales Mundiales 2015, los cuales se disputar\u00e1n en Ecuador del 20 al 27 de septiembre, <\/p>\n","protected":false},"author":1,"featured_media":18069,"comment_status":"open","ping_status":"open","sticky":false,"template":"","format":"standard","meta":{"footnotes":""},"categories":[14,9],"tags":[],"class_list":["post-18068","post","type-post","status-publish","format-standard","has-post-thumbnail","hentry","category-destacadas","category-morelia"],"_links":{"self":[{"href":"https:\/\/radiowebmx.com\/nota\/wp-json\/wp\/v2\/posts\/18068","targetHints":{"allow":["GET"]}}],"collection":[{"href":"https:\/\/radiowebmx.com\/nota\/wp-json\/wp\/v2\/posts"}],"about":[{"href":"https:\/\/radiowebmx.com\/nota\/wp-json\/wp\/v2\/types\/post"}],"author":[{"embeddable":true,"href":"https:\/\/radiowebmx.com\/nota\/wp-json\/wp\/v2\/users\/1"}],"replies":[{"embeddable":true,"href":"https:\/\/radiowebmx.com\/nota\/wp-json\/wp\/v2\/comments?post=18068"}],"version-history":[{"count":2,"href":"https:\/\/radiowebmx.com\/nota\/wp-json\/wp\/v2\/posts\/18068\/revisions"}],"predecessor-version":[{"id":18071,"href":"https:\/\/radiowebmx.com\/nota\/wp-json\/wp\/v2\/posts\/18068\/revisions\/18071"}],"wp:featuredmedia":[{"embeddable":true,"href":"https:\/\/radiowebmx.com\/nota\/wp-json\/wp\/v2\/media\/18069"}],"wp:attachment":[{"href":"https:\/\/radiowebmx.com\/nota\/wp-json\/wp\/v2\/media?parent=18068"}],"wp:term":[{"taxonomy":"category","embeddable":true,"href":"https:\/\/radiowebmx.com\/nota\/wp-json\/wp\/v2\/categories?post=18068"},{"taxonomy":"post_tag","embeddable":true,"href":"https:\/\/radiowebmx.com\/nota\/wp-json\/wp\/v2\/tags?post=18068"}],"curies":[{"name":"wp","href":"https:\/\/api.w.org\/{rel}","templated":true}]}}