{"id":18063,"date":"2015-09-17T13:22:11","date_gmt":"2015-09-17T18:22:11","guid":{"rendered":"https:\/\/radiowebmx.com\/nota\/?p=18063"},"modified":"2015-09-17T13:22:11","modified_gmt":"2015-09-17T18:22:11","slug":"designa-presidente-del-consejo-para-el-nuevo-sistema-de-justicia-penal-en-michoacan-a-jesus-sierra-arias-como-titular-de-la-secretaria-ejecutiva","status":"publish","type":"post","link":"https:\/\/radiowebmx.com\/nota\/designa-presidente-del-consejo-para-el-nuevo-sistema-de-justicia-penal-en-michoacan-a-jesus-sierra-arias-como-titular-de-la-secretaria-ejecutiva\/","title":{"rendered":"Designa presidente del Consejo para el nuevo sistema de justicia penal en Michoac\u00e1n a Jes\u00fas Sierra Arias como titular de la Secretar\u00eda Ejecutiva"},"content":{"rendered":"<p>El presidente del Consejo para el Nuevo Sistema de Justicia Penal en Michoac\u00e1n, Juan Antonio Maga\u00f1a de la Mora, design\u00f3 este d\u00eda a Jes\u00fas Sierra Arias como titular de la Secretar\u00eda Ejecutiva de dicho Consejo.<\/p>\n<p>&nbsp;<\/p>\n<p>Ante el personal de la instancia ejecutora, Maga\u00f1a de la Mora se\u00f1al\u00f3 que el \u00f3rgano implementador tiene el compromiso de cumplir con el seguimiento y evaluaci\u00f3n del sistema acusatorio, adversarial y oral en la regiones que ya iniciaron \u2013Morelia, Zit\u00e1cuaro y Uruapan- e implementarlo el pr\u00f3ximo 11 de febrero en la regi\u00f3n Zamora y el 9 de mayo de 2015 en las regiones de L\u00e1zaro C\u00e1rdenas y Apatzing\u00e1n.<\/p>\n<p>&nbsp;<\/p>\n<p>Al respecto, el tambi\u00e9n presidente del Poder Judicial de Michoac\u00e1n, se\u00f1al\u00f3 que es necesario que los trabajos sean dirigidos por una persona con amplia experiencia en la materia y Jes\u00fas Sierra Arias conoce a fondo el tema, ya que fue miembro fundador del \u00f3rgano implementador y consejero del mismo en el periodo en el que se desempe\u00f1\u00f3 como Consejero del Poder Judicial.<\/p>\n<p>&nbsp;<\/p>\n<p>Adem\u00e1s, Maga\u00f1a de la Mora se\u00f1al\u00f3 que el Secretario designado tiene amplio conocimiento en la aplicaci\u00f3n del nuevo sistema, debido a que durante su gesti\u00f3n como Consejero del \u00f3rgano implementador realiz\u00f3 diversas visitas a las entidades federativas para conocer las buenas pr\u00e1cticas y particip\u00f3 en la redacci\u00f3n de la normativa estatal que dasoporte al Nuevo Sistema de Justicia Penal.<\/p>\n<p>&nbsp;<\/p>\n<p>Por su parte, Jes\u00fas Sierra Arias expres\u00f3 su compromiso de continuar estrechando lazos con las instituciones operadoras de la entidad y la Secretar\u00eda T\u00e9cnica del Consejo de Coordinaci\u00f3n para la implementaci\u00f3n de la Reforma Penal (SETEC) para lograr que el nuevo sistema sea una realidad en todo el Estado.<\/p>\n<p>&nbsp;<\/p>\n<p>Jes\u00fas Sierra Arias tambi\u00e9n se ha desempe\u00f1ado en diversos cargos como: Coordinador de la Biblioteca Central Estatal de Toluca Estado de M\u00e9xico; Director de informaci\u00f3n de la Direcci\u00f3n General de Gobierno de la Secretar\u00eda de Gobiernodel Estado de M\u00e9xico; Asesor de la Direcci\u00f3n Jur\u00eddica del Congreso del Estado de Michoac\u00e1n;Secretario T\u00e9cnico de la Comisi\u00f3n Estatal Electoral del Estado de Michoac\u00e1n.<\/p>\n<p>&nbsp;<\/p>\n<p>Tambi\u00e9n fue titular de la \u00a0Defensor\u00eda de Oficio del Gobierno del Estado de Michoac\u00e1n; Asesor Jur\u00eddico de la Junta Local del IFE en Chiapas; Coordinador de Asesores de la Direcci\u00f3n General Adjunta de Gobierno de la Secretar\u00eda de Gobernaci\u00f3n Federal; Secretario de Servicios Parlamentarios del Congreso del Estado de Michoac\u00e1n;Secretario de Educaci\u00f3n del Estado de Michoac\u00e1n y Coordinador de agenda del Secretario de Educaci\u00f3n P\u00fablica del Poder Ejecutivo Federal.<\/p>\n<p>&nbsp;<\/p>\n<p>Adem\u00e1s, se ha desempe\u00f1ado como catedr\u00e1tico de la Universidad Nova Spania, impartiendo las materias de Derecho Constitucional, Sistema Electoral y Partidos Pol\u00edticos; y Maestro suplente en la Facultad de Derecho y Ciencias Sociales de la UMSNH, en la c\u00e1tedra de Derecho Internacional P\u00fablico.<\/p>\n<p>&nbsp;<\/p>\n","protected":false},"excerpt":{"rendered":"<p>El presidente del Consejo para el Nuevo Sistema de Justicia Penal en Michoac\u00e1n, Juan Antonio Maga\u00f1a de la Mora, design\u00f3 este d\u00eda a Jes\u00fas Sierra Arias como titular de la Secretar\u00eda Ejecutiva de dicho Consejo.<\/p>\n","protected":false},"author":1,"featured_media":18064,"comment_status":"open","ping_status":"open","sticky":false,"template":"","format":"standard","meta":{"footnotes":""},"categories":[14,3],"tags":[],"class_list":["post-18063","post","type-post","status-publish","format-standard","has-post-thumbnail","hentry","category-destacadas","category-gobierno-del-estado-de-michoacan"],"_links":{"self":[{"href":"https:\/\/radiowebmx.com\/nota\/wp-json\/wp\/v2\/posts\/18063","targetHints":{"allow":["GET"]}}],"collection":[{"href":"https:\/\/radiowebmx.com\/nota\/wp-json\/wp\/v2\/posts"}],"about":[{"href":"https:\/\/radiowebmx.com\/nota\/wp-json\/wp\/v2\/types\/post"}],"author":[{"embeddable":true,"href":"https:\/\/radiowebmx.com\/nota\/wp-json\/wp\/v2\/users\/1"}],"replies":[{"embeddable":true,"href":"https:\/\/radiowebmx.com\/nota\/wp-json\/wp\/v2\/comments?post=18063"}],"version-history":[{"count":2,"href":"https:\/\/radiowebmx.com\/nota\/wp-json\/wp\/v2\/posts\/18063\/revisions"}],"predecessor-version":[{"id":18066,"href":"https:\/\/radiowebmx.com\/nota\/wp-json\/wp\/v2\/posts\/18063\/revisions\/18066"}],"wp:featuredmedia":[{"embeddable":true,"href":"https:\/\/radiowebmx.com\/nota\/wp-json\/wp\/v2\/media\/18064"}],"wp:attachment":[{"href":"https:\/\/radiowebmx.com\/nota\/wp-json\/wp\/v2\/media?parent=18063"}],"wp:term":[{"taxonomy":"category","embeddable":true,"href":"https:\/\/radiowebmx.com\/nota\/wp-json\/wp\/v2\/categories?post=18063"},{"taxonomy":"post_tag","embeddable":true,"href":"https:\/\/radiowebmx.com\/nota\/wp-json\/wp\/v2\/tags?post=18063"}],"curies":[{"name":"wp","href":"https:\/\/api.w.org\/{rel}","templated":true}]}}