{"id":18060,"date":"2015-09-17T13:13:28","date_gmt":"2015-09-17T18:13:28","guid":{"rendered":"https:\/\/radiowebmx.com\/nota\/?p=18060"},"modified":"2015-09-17T13:13:28","modified_gmt":"2015-09-17T18:13:28","slug":"el-ayuntamiento-de-morelia-preparado-para-recibir-a-los-participantes-de-la-carrera-panamericana","status":"publish","type":"post","link":"https:\/\/radiowebmx.com\/nota\/el-ayuntamiento-de-morelia-preparado-para-recibir-a-los-participantes-de-la-carrera-panamericana\/","title":{"rendered":"El Ayuntamiento de Morelia, preparado para recibir a los participantes de la Carrera Panamericana"},"content":{"rendered":"<p>Iniciaron las reuniones entre el Ayuntamiento de Morelia y el comit\u00e9 organizador de la Carrera Panamericana, Rally 2015 M\u00e9xico, la cual tocar\u00e1 tierras michoacanas los pr\u00f3ximos d\u00edas 19 y 20 de octubre.<\/p>\n<p>En una reuni\u00f3n de trabajo donde estuvieron presentes el Presidente Municipal de la capital michoacana, Alfonso Mart\u00ednez Alc\u00e1zar, el S\u00edndico Fabio Sistos Rangel, el encargado de despacho de la Secretar\u00eda de Turismo, Ra\u00fal Oma\u00f1a, as\u00ed como autoridades de seguridad, quienes iniciaron con los preparativos y log\u00edstica del evento.<\/p>\n<p>Mart\u00ednez Alc\u00e1zar manifest\u00f3 el inter\u00e9s de la Administraci\u00f3n local, por otorgar todas las facilidades para la realizaci\u00f3n de eventos, como la carrera que re\u00fane a pilotos automovil\u00edsticos de talla nacional e internacional, y la cual genera una gran expectativa entre las familias morelianas, siendo un evento deportivo que inici\u00f3 desde el a\u00f1o 1950 en su \u00e9poca antigua, y con ello crezca la imagen atractiva y positiva de nuestra ciudad.<\/p>\n<p>Ante ello, destac\u00f3 la importancia de dinamizar al sector econ\u00f3mico, as\u00ed como tur\u00edstico y cultural del Estado, \u201cen Morelia estamos listos para recibir a los mejores eventos\u00a0 deportivos, culturales de nuestro pa\u00eds y de todo el mundo\u201d, destac\u00f3 durante el encuentro.<\/p>\n<p>Actualmente es su d\u00e9cimo octava edici\u00f3n tiene la participaci\u00f3n de m\u00e1s de 200 pilotos y copilotos de diversas nacionalidades entre ellas: Checoslovaquia, Alemania, Austria, Inglaterra, Francia, Estados Unidos y M\u00e9xico.<\/p>\n<p>En la reuni\u00f3n tambi\u00e9n estuvieron presentes integrantes de comit\u00e9 organizador de la carrera Panamericana como Juan Carlos Ortiz, Francisco Le\u00f3n y el delegado de Gobernaci\u00f3n en el Estado, Florentino Coalla Pulido.<\/p>\n","protected":false},"excerpt":{"rendered":"<p>Iniciaron las reuniones entre el Ayuntamiento de Morelia y el comit\u00e9 organizador de la Carrera Panamericana, Rally 2015 M\u00e9xico, la cual tocar\u00e1 tierras michoacanas los pr\u00f3ximos d\u00edas 19 y 20 de octubre.<\/p>\n","protected":false},"author":1,"featured_media":0,"comment_status":"open","ping_status":"open","sticky":false,"template":"","format":"standard","meta":{"footnotes":""},"categories":[9],"tags":[],"class_list":["post-18060","post","type-post","status-publish","format-standard","hentry","category-morelia"],"_links":{"self":[{"href":"https:\/\/radiowebmx.com\/nota\/wp-json\/wp\/v2\/posts\/18060","targetHints":{"allow":["GET"]}}],"collection":[{"href":"https:\/\/radiowebmx.com\/nota\/wp-json\/wp\/v2\/posts"}],"about":[{"href":"https:\/\/radiowebmx.com\/nota\/wp-json\/wp\/v2\/types\/post"}],"author":[{"embeddable":true,"href":"https:\/\/radiowebmx.com\/nota\/wp-json\/wp\/v2\/users\/1"}],"replies":[{"embeddable":true,"href":"https:\/\/radiowebmx.com\/nota\/wp-json\/wp\/v2\/comments?post=18060"}],"version-history":[{"count":2,"href":"https:\/\/radiowebmx.com\/nota\/wp-json\/wp\/v2\/posts\/18060\/revisions"}],"predecessor-version":[{"id":18062,"href":"https:\/\/radiowebmx.com\/nota\/wp-json\/wp\/v2\/posts\/18060\/revisions\/18062"}],"wp:attachment":[{"href":"https:\/\/radiowebmx.com\/nota\/wp-json\/wp\/v2\/media?parent=18060"}],"wp:term":[{"taxonomy":"category","embeddable":true,"href":"https:\/\/radiowebmx.com\/nota\/wp-json\/wp\/v2\/categories?post=18060"},{"taxonomy":"post_tag","embeddable":true,"href":"https:\/\/radiowebmx.com\/nota\/wp-json\/wp\/v2\/tags?post=18060"}],"curies":[{"name":"wp","href":"https:\/\/api.w.org\/{rel}","templated":true}]}}