{"id":18054,"date":"2015-09-17T12:50:33","date_gmt":"2015-09-17T17:50:33","guid":{"rendered":"https:\/\/radiowebmx.com\/nota\/?p=18054"},"modified":"2015-09-17T12:50:33","modified_gmt":"2015-09-17T17:50:33","slug":"inicia-pgje-averiguacion-previa-con-relacion-a-hechos-ocurridos-en-el-municipio-de-lazaro-cardenas","status":"publish","type":"post","link":"https:\/\/radiowebmx.com\/nota\/inicia-pgje-averiguacion-previa-con-relacion-a-hechos-ocurridos-en-el-municipio-de-lazaro-cardenas\/","title":{"rendered":"Inicia PGJE Averiguaci\u00f3n Previa con relaci\u00f3n a hechos ocurridos en el municipio de L\u00e1zaro C\u00e1rdenas"},"content":{"rendered":"<p>La Procuradur\u00eda General de Justicia del Estado de Michoac\u00e1n inici\u00f3 Averiguaci\u00f3n Previa con relaci\u00f3n a los hechos ocurridos esta tarde en la comunidad de Los Llanitos del Bejuco, perteneciente a este municipio, al registrarse un enfrentamiento en el que participaron presuntos integrantes de grupo delincuencial.<\/p>\n<p>El agente del Ministerio P\u00fablico, auxiliado de peritos criminalistas y personal de la Agencias de Investigaci\u00f3n y An\u00e1lisis, acudi\u00f3 a la citada comunidad de la tenencia de Caleta de Campos para realizar diligencias con relaci\u00f3n al fallecimiento de cuatro personas del sexo masculino, quienes presuntamente se enfrentaron con un grupo -al parecer- de comunitarios de la zona.<\/p>\n<p>M\u00e1s tarde, en el Centro de Salud de Caleta de Campos se dio fe del fallecimiento de otras tres personas del sexo masculino, quienes presentan heridas producidas por proyectil de arma de fuego\u00a0 y que de acuerdo a informaci\u00f3n obtenida en el lugar, les fueron ocasionadas en los mismos hechos antes citados.<\/p>\n<p>Asimismo, se conoci\u00f3 que entre los fallecidos se encuentran las personas identificadas como\u00a0 Epitacio N. y Melvin Lorenzano R., de\u00a0 18 y 27 a\u00f1os de edad, respectivamente; con relaci\u00f3n al segundo existen indicios que permiten establecer que era colaborador de un l\u00edder de un grupo delincuencial que operaba en la regi\u00f3n.<\/p>\n<p>Personal de la Procuradur\u00eda General de Justicia del Estado de Michoac\u00e1n en estos momentos realiza diligencias en el lugar y lleva a cabo las investigaciones correspondientes para lograr su esclarecimiento.<\/p>\n","protected":false},"excerpt":{"rendered":"<p>La Procuradur\u00eda General de Justicia del Estado de Michoac\u00e1n inici\u00f3 Averiguaci\u00f3n Previa con relaci\u00f3n a los hechos ocurridos esta tarde en la comunidad de Los Llanitos del Bejuco, perteneciente a este municipio, al registrarse un enfrentamiento en el que participaron presuntos integrantes de grupo delincuencial.<\/p>\n","protected":false},"author":1,"featured_media":0,"comment_status":"open","ping_status":"open","sticky":false,"template":"","format":"standard","meta":{"footnotes":""},"categories":[3],"tags":[],"class_list":["post-18054","post","type-post","status-publish","format-standard","hentry","category-gobierno-del-estado-de-michoacan"],"_links":{"self":[{"href":"https:\/\/radiowebmx.com\/nota\/wp-json\/wp\/v2\/posts\/18054","targetHints":{"allow":["GET"]}}],"collection":[{"href":"https:\/\/radiowebmx.com\/nota\/wp-json\/wp\/v2\/posts"}],"about":[{"href":"https:\/\/radiowebmx.com\/nota\/wp-json\/wp\/v2\/types\/post"}],"author":[{"embeddable":true,"href":"https:\/\/radiowebmx.com\/nota\/wp-json\/wp\/v2\/users\/1"}],"replies":[{"embeddable":true,"href":"https:\/\/radiowebmx.com\/nota\/wp-json\/wp\/v2\/comments?post=18054"}],"version-history":[{"count":2,"href":"https:\/\/radiowebmx.com\/nota\/wp-json\/wp\/v2\/posts\/18054\/revisions"}],"predecessor-version":[{"id":18056,"href":"https:\/\/radiowebmx.com\/nota\/wp-json\/wp\/v2\/posts\/18054\/revisions\/18056"}],"wp:attachment":[{"href":"https:\/\/radiowebmx.com\/nota\/wp-json\/wp\/v2\/media?parent=18054"}],"wp:term":[{"taxonomy":"category","embeddable":true,"href":"https:\/\/radiowebmx.com\/nota\/wp-json\/wp\/v2\/categories?post=18054"},{"taxonomy":"post_tag","embeddable":true,"href":"https:\/\/radiowebmx.com\/nota\/wp-json\/wp\/v2\/tags?post=18054"}],"curies":[{"name":"wp","href":"https:\/\/api.w.org\/{rel}","templated":true}]}}