{"id":18052,"date":"2015-09-17T12:47:29","date_gmt":"2015-09-17T17:47:29","guid":{"rendered":"https:\/\/radiowebmx.com\/nota\/?p=18052"},"modified":"2015-09-17T12:47:29","modified_gmt":"2015-09-17T17:47:29","slug":"temas-de-cafe-372","status":"publish","type":"post","link":"https:\/\/radiowebmx.com\/nota\/temas-de-cafe-372\/","title":{"rendered":"TEMAS DE CAF\u00c9"},"content":{"rendered":"<p>Desde hace varias semanas Michoac\u00e1n, se encuentra entre dos gobiernos, y desde hace d\u00edas estamos en una situaci\u00f3n cr\u00edtica, porque hay un gobierno que no termina por irse, y un gobierno que no termina por llegar, esta situaci\u00f3n ha generado una situaci\u00f3n confusa, an\u00f3mala a tal grado que hay patrullas que no se mueven, porque no tienen para gasolina, eso se ha reflejado en una situaci\u00f3n de inseguridad, para los morelianos y los michoacanos en general, ya que se han registrado m\u00e1s asaltos, m\u00e1s robos de casas y comercios, robos con violencia de veh\u00edculos, hasta un robo a una casa en la colonia de las Foores, donde un grupo de sujetos enmascarados entraron a un hogar y con lujo de violencia, se llevaron enseres dom\u00e9sticos, aparatos electr\u00f3nicos y dinero y \u00bflas polic\u00edas, el mando unificado, la fuerza ciudadana?, nada a pesar de que fueron llamados llegaron horas despu\u00e9s.<\/p>\n<p>POR ESO LA FRIA CELEBRACION DE LAS FIESTAS PATRIAS<\/p>\n<p>En otras ocasiones los cercos de seguridad, no hab\u00edan sido motivo para que la gente, no acudiera a las celebraciones patrias, como el grito o el desfile y el grito dado en Morelia, desde el balc\u00f3n central de Palacio de Gobierno, fue un grito fr\u00edo con poca asistencia, pero la gente sin emociones por lo menos no como en otros a\u00f1os, a pesar de los estallidos de las granadas, como que la gente hab\u00eda vuelto a sonreir en esta fiestas, pero ayer nuevamente se advirti\u00f3 un ambiente fr\u00edo, entre la gente que estuvo en el grito.<\/p>\n<p>En el desfile otra vez se advirti\u00f3 frialdad, poca gente en la avenida Madero, y es que la gente antes iba al desfile a ver a sus hijos, a sus hermanos, a sus nietos desfilar, pero desde la noche fat\u00eddica del 15 de septiembre del 2008, los escolares dejaron de participar en este desfile, eran quienes le proporcionaban el perfil humano, a este desfile ahora solamente desfilan las universidades, y algunas preparatorias y militares, por eso ha bajado el n\u00famero de asistentes a estos desfiles, de cualquier manera a\u00fan se mantiene cierto esp\u00edritu patrio en estas fechas, en el interior del estado, donde hubo m\u00e1s de 90 desfiles en los municipios, de acuerdo al secretario Jaime Esparza y todos en paz.<\/p>\n<p>EL 30 EL 250 ANIVERSARIO DEL NATALICIO DE MORELOS<\/p>\n<p>Parece que a las autoridades estatales y de la ciudad, se han olvidado que el pr\u00f3ximo treinta de septiembre, se debe recordar el 250 aniversario del natalicio de Jos\u00e9 Mar\u00eda Morelos, uno de los hombres m\u00e1s importantes de nuestro movimiento, de Independencia y desde luego no se debe olvidar, que la original ciudad de Michoac\u00e1n, y posteriormente la Nuera Valladolid, se llama Morelia precisamente por Jos\u00e9 Mar\u00eda Morelos, y hasta ahora a unos d\u00edas de esa fecha, no hemos escuchado a nadie del gobierno municipal, ni del gobierno del estado hacer un se\u00f1alamiento por la esta fecha.<\/p>\n<p>Tampoco se han anunciado los festejos especiales, que se deben hacer, tal vez y solamente tal vez este olvido deplorable, se deba a que en el estado reiteramos hay una administraci\u00f3n, que se va y no termina por irse y una administraci\u00f3n, que est\u00e1 por llegar pero que a\u00fan no ha llegado, entonces este aniversario 250 del nacimiento de Morelos, \u00bfquedar\u00e1 en el vac\u00edo?, esperamos que no ser\u00eda muy lamentable, tanto para los que se van, como para los que llegan.<\/p>\n<p>LOS MEJORES DE LA 73 LEGISLATURA MICHOACANA<\/p>\n<p>La verdad los michoacanos no deben esperar mucho, de la actual legislatura, la n\u00famero 73 aunque se puede afirmar que hay personajes valiosos, en cada bancada pero son muy pocos, iniciemos con el PRD, lleva como coordinador a Pascual Sigala, quien ha sido dirigente del Foro Nuevo Sol en el estado, secretario del PRD estatal, diputado federal y subsecretario en la Sedru, es de Durango y seguramente aportar\u00e1 sensatez a su bancada.<\/p>\n<p>En la bancada del PRD estar\u00e1 otra vez Jaime Hinojosa Campa, quien es el \u00fanico hombre en el Congreso, que ha sido dos veces presidente municipal de Maravat\u00edo, y diputado local en tres ocasiones, nos extra\u00f1a que no haya sido diputado federal en alguna ocasi\u00f3n, adem\u00e1s es m\u00e9dico veterinario y como se puede ver su caso es \u00fanico, hay quienes con esta ocasi\u00f3n ser\u00e1n diputados por dos ocasiones, pero \u00e9l va por su tercera diputaci\u00f3n local. Ah\u00ed mismo destaca Juan Bernardo Corona, de quien pensamos que no estar\u00e1 mucho en el Congreso, su lugar puede estar en el \u00e1rea de seguridad en la pr\u00f3xima administraci\u00f3n estatal.<\/p>\n<p>PAN: MACARENA, CARLOS QUINTANA Y MIGUEL ANGEL<\/p>\n<p>En el PAN destacan tres personajes, despu\u00e9s le comentaremos sobre los dem\u00e1s, pero hoy analizaremos a tres personajes que destacan, dos por ser su segunda diputaci\u00f3n, Macarena Ch\u00e1vez Flores ya fue diputada, ha trabajado en el Issste y en Profeco, es cercana al grupo de Salvador Vega Casillas y Miguel Angel Villegas, joven panista que realiz\u00f3<\/p>\n<p>una buena labor como regidor, en la administraci\u00f3n que culmin\u00f3 Salvador Abud, por sus trayectoria, su juventud y porque pertenece al grupo de Marko Cort\u00e9s, hoy es uno de los hombres fuertes del PAN, puede tener una brillante carrera pol\u00edtica.<\/p>\n<p>WILFRIDO, SOCORRO, ADRIANA Y RAYMUNDO<\/p>\n<p>Pol\u00edticamente y legislativamente es como las analizamos, por ahora a los diputados locales, a Rossy de la Torre, Yarav\u00ed Avila y X\u00f3chitl Ruiz las analizaremos despu\u00e9s, de esta manera destaca en estos aspectos, sobre todo Adriana Hern\u00e1ndez la coordinadora de la bancada priista, porque tiene una brillante trayectoria desde regidora en La Piedad, hasta diputada federal y secretaria general del PRI-MX a nivel nacional.<\/p>\n<p>Tambi\u00e9n destaca Socorro Quintana igual, ex diputada federal por Uruapan, seguramente aportar\u00e1 su conocimiento a la actual legislatura, ah\u00ed tenemos a Wilfrido L\u00e1zaro Medina, tambi\u00e9n por segunda ocasi\u00f3n diputado, despu\u00e9s de haber sido presidente municipal de Morelia y haber estado en la lista final, para la candidatura al gobierno del estado, por esa raz\u00f3n fue designado por Chon Orihuela, coordinador de su campa\u00f1a, la cual como usted sabe se perdi\u00f3.<\/p>\n<p>En cuanto a Raymundo Arreola tambi\u00e9n tiene una brillante trayectoria pol\u00edtica, administrativa y legislativa, ha sido presidente municipal de Nueva Italia, diputado local y secretario de servicios parlamentarios en el Congreso, fue dirigente juvenil a nivel nacional, actualmente es el presidente de la mesa directiva en el congreso michoacano.<\/p>\n<p>ROBERTO CARLOS LOPEZ, DE LA CNC<\/p>\n<p>Es necesario comentarles el caso de Roberto Carlos L\u00f3pez, actualmente dirigente estatal de la CNC, quien vivi\u00f3 momentos complicados, porque fue de los tres que los tribunales electorales, anularon primero y despu\u00e9s les regresaron las diputaciones, despu\u00e9s de haber tomado la protesta los tres diputados, as\u00ed regresaron Mario Armando Mendoza, X\u00f3chitl Ruiz y Roberto Carlos L\u00f3pez, con \u00e9l la CNC o sea el sector campesino del PRI, vuelve a ocupar una curul a trav\u00e9s de su dirigente, el anterior fue Cuauht\u00e9moc Ram\u00edrez, por lo cual es grato para los hombres del campo, ya que tendr\u00e1n a su dirigente en el Congreso, que cuidar\u00e1 por sus intereses m\u00e1s genuinos.<\/p>\n<p>ROSSY DE LA TORRE, YARAVI AVILA Y XOCHITL<\/p>\n<p>Tanto Rossy de la Torre como Yarav\u00ed Avila, merecen comentario aparte, ambas son mujeres preparadas, la primera es doctora en derecho y la segunda, est\u00e1 por concluir su doctorado en gerencia pol\u00edtica, ambas<\/p>\n<p>provienen de la Universidad Michoacana de San Nicol\u00e1s de Hidalgo, desde luego aportar\u00e1n sus amplios conocimientos, pero en materia pol\u00edtica partidista y legislativa son novatas, queremos denominarlas como una aportaci\u00f3n de la Universidad Michoacana, a la pol\u00edtica estatal y esperamos que aporten lo que saben en bien de los michoacanos, lo dem\u00e1s es lo de menos. Nosotros nos quedamos con sus conocimientos, y la aportaci\u00f3n que puedan hacer a la vida p\u00fablica en el estado.<\/p>\n<p>CESAR CHAVEZ, Y EL 250 ANIVERSARIO DE MORELOS<\/p>\n<p>Confiamos en que el presidente municipal de Apatzing\u00e1n, C\u00e9sar Ch\u00e1vez no se le haya pasado esta fecha, porque se luci\u00f3 con el Bicentenario de la Constituci\u00f3n de Apatzing\u00e1n el a\u00f1o pasado, casi le podemos asegurar que con esas festividades que organiz\u00f3, se gan\u00f3 el derecho a participar por la presidencia municipal la cual gan\u00f3. Y es que Morelos fue el actor principal, en lo referente a la Constituci\u00f3n de 1814, que sent\u00f3 las bases para lo que hoy es M\u00e9xico, veremos qu\u00e9 sorpresa nos tiene para el 250, aniversario del nacimiento de Morelos.<\/p>\n","protected":false},"excerpt":{"rendered":"<p>* LO MEJOR DE LA 73 LEGISLATURA<\/p>\n<p>* LO BUENO, MUCHOS SON JOVENES<\/p>\n<p>* LAS FIESTAS PATRIAS EN PAZ: JEC<\/p>\n<p>* MICHOACAN ENTRE 2 GOBIERNOS<\/p>\n","protected":false},"author":1,"featured_media":0,"comment_status":"open","ping_status":"open","sticky":false,"template":"","format":"standard","meta":{"footnotes":""},"categories":[4,14,10],"tags":[],"class_list":["post-18052","post","type-post","status-publish","format-standard","hentry","category-columnistas","category-destacadas","category-juan-manuel-belmonte"],"_links":{"self":[{"href":"https:\/\/radiowebmx.com\/nota\/wp-json\/wp\/v2\/posts\/18052","targetHints":{"allow":["GET"]}}],"collection":[{"href":"https:\/\/radiowebmx.com\/nota\/wp-json\/wp\/v2\/posts"}],"about":[{"href":"https:\/\/radiowebmx.com\/nota\/wp-json\/wp\/v2\/types\/post"}],"author":[{"embeddable":true,"href":"https:\/\/radiowebmx.com\/nota\/wp-json\/wp\/v2\/users\/1"}],"replies":[{"embeddable":true,"href":"https:\/\/radiowebmx.com\/nota\/wp-json\/wp\/v2\/comments?post=18052"}],"version-history":[{"count":1,"href":"https:\/\/radiowebmx.com\/nota\/wp-json\/wp\/v2\/posts\/18052\/revisions"}],"predecessor-version":[{"id":18053,"href":"https:\/\/radiowebmx.com\/nota\/wp-json\/wp\/v2\/posts\/18052\/revisions\/18053"}],"wp:attachment":[{"href":"https:\/\/radiowebmx.com\/nota\/wp-json\/wp\/v2\/media?parent=18052"}],"wp:term":[{"taxonomy":"category","embeddable":true,"href":"https:\/\/radiowebmx.com\/nota\/wp-json\/wp\/v2\/categories?post=18052"},{"taxonomy":"post_tag","embeddable":true,"href":"https:\/\/radiowebmx.com\/nota\/wp-json\/wp\/v2\/tags?post=18052"}],"curies":[{"name":"wp","href":"https:\/\/api.w.org\/{rel}","templated":true}]}}